{"id":2215,"date":"2016-04-04T13:33:38","date_gmt":"2016-04-04T13:33:38","guid":{"rendered":"http:\/\/www.mormaii.com.br\/site\/?p=2215"},"modified":"2022-06-10T10:42:49","modified_gmt":"2022-06-10T13:42:49","slug":"noticiasburle-surfa-onda-de-12-metros-em-portugal","status":"publish","type":"post","link":"https:\/\/www.mormaii.com.br\/site\/noticiasburle-surfa-onda-de-12-metros-em-portugal\/","title":{"rendered":"Burle surfa onda de 12 metros em Portugal"},"content":{"rendered":"<p>Depois da <a href=\"http:\/\/www.mormaii.com.br\/noticias\/burle-e-maya-nas-ondas-gigantes-de-portugal\" rel=\"nofollow noopener\" target=\"_blank\">onda surfada<\/a> por <a href=\"http:\/\/www.mormaii.com.br\/atletas\/maya-gabeira\" rel=\"nofollow noopener\" target=\"_blank\">Maya Gabeira<\/a>, na \u00faltima sexta-feira, que repercutiu no notici\u00e1rio internacional marcando sua volta a Nazar\u00e9, dois anos ap\u00f3s o grave acidente que sofreu no pico, foi a vez de <a href=\"http:\/\/www.mormaii.com.br\/atletas\/carlos-burle\" rel=\"nofollow noopener\" target=\"_blank\">Carlos Burle<\/a> figurar novamente com uma indica\u00e7\u00e3o para a maior onda da temporada, o XXL Big Wave Awards.<\/p>\n<p class=\"p1\">Nesse domingo, Burle dropou um bomba pra esquerda, colocando toda sua experi\u00eancia e conhecimento&nbsp;em pr\u00e1tica.<\/p>\n<p class=\"p1\">Estipulada em torno de 12 metros de altura, a avalanche d\u2019\u00e1gua impressionou pelo tamanho, for\u00e7a e explos\u00e3o na zona de impacto.<\/p>\n<p class=\"p1\">\u201cEstava muito bom, me preparo todos os dias para momentos como esse. Apesar das dificuldades, \u00e9 isso que a gente precisa para evoluir\u201d, garante.<\/p>\n<p class=\"p1\">Em um frio congelante, o primeiro dia de novembro foi proveitoso para os big riders brasileiros em Portugal. Burle e Maya, na companhia do carioca Pedro Scooby, chegaram ao porto \u00e0s 6h (hor\u00e1rio local), ainda escuro, com uma temperatura em torno de 10\u00baC.&nbsp;<\/p>\n<p class=\"p1\">\u00c0s 6h45, o grupo j\u00e1 estava na \u00e1gua e, em meio crowd e um vento forte, encontraram ondas inesquec\u00edveis.<\/p>\n<p class=\"p1\">\u201cFoi muito bom, tiveram ondas grandes e fortes. A gente teve dificuldade com o vento, mas o treino foi excelente. Fomos os primeiros a entrar na \u00e1gua. Consegui experimentar uma prancha nova.&nbsp;O mar estava cheio, com muitos jet skis, dif\u00edcil, mas foi um dia super interessante. Estava muito frio de manh\u00e3. Eu estava congelando. Foram ondas com 30 a 40 p\u00e9s de face, com muito vento, foi bem legal e o time est\u00e1 mandando bem\u201d, comenta Burle.<\/p>\n<p class=\"p1\">O Canh\u00e3o de Nazar\u00e9, desfiladeiro submarino de origem tect\u00f4nica ao largo da costa de Nazar\u00e9, faz com que as ondas viajem a uma velocidade muito&nbsp;maior que o normal&nbsp;e cheguem \u00e0 costa praticamente sem perder energia, formando imensos pared\u00f5es.&nbsp;<\/p>\n<p class=\"p1\">Com certeza o cen\u00e1rio ideal para Burle e Maya, dois consagrados big rides, colocarem em pr\u00e1tica toda sua energia, experi\u00eancia e amor ao surf.<\/p>\n<p class=\"p2\">[Foto: Bruno Aleixo\/WSL]<\/p>\n","protected":false},"excerpt":{"rendered":"<p>Depois da onda surfada por Maya Gabeira, na \u00faltima sexta-feira, que repercutiu no notici\u00e1rio internacional marcando sua volta a Nazar\u00e9, dois anos ap\u00f3s o grave acidente que sofreu no pico, foi a vez de Carlos Burle figurar novamente com uma indica\u00e7\u00e3o para a maior onda da temporada, o XXL Big Wave Awards. Nesse domingo, Burle [&hellip;]<\/p>\n","protected":false},"author":3,"featured_media":0,"comment_status":"open","ping_status":"open","sticky":false,"template":"","format":"standard","meta":{"_uag_custom_page_level_css":"","_mi_skip_tracking":false,"footnotes":""},"categories":[914],"tags":[],"class_list":["post-2215","post","type-post","status-publish","format-standard","hentry","category-mormaii"],"acf":[],"uagb_featured_image_src":{"full":false,"thumbnail":false,"medium":false,"medium_large":false,"large":false,"1536x1536":false,"2048x2048":false,"qi_addons_for_elementor_image_size_square":false,"qi_addons_for_elementor_image_size_landscape":false,"qi_addons_for_elementor_image_size_portrait":false,"qi_addons_for_elementor_image_size_huge-square":false},"uagb_author_info":{"display_name":"mormaii_importer","author_link":"https:\/\/www.mormaii.com.br\/site\/author\/mormaii_importer\/"},"uagb_comment_info":0,"uagb_excerpt":"Depois da onda surfada por Maya Gabeira, na \u00faltima sexta-feira, que repercutiu no notici\u00e1rio internacional marcando sua volta a Nazar\u00e9, dois anos ap\u00f3s o grave acidente que sofreu no pico, foi a vez de Carlos Burle figurar novamente com uma indica\u00e7\u00e3o para a maior onda da temporada, o XXL Big Wave Awards. Nesse domingo, Burle&hellip;","_links":{"self":[{"href":"https:\/\/www.mormaii.com.br\/site\/wp-json\/wp\/v2\/posts\/2215"}],"collection":[{"href":"https:\/\/www.mormaii.com.br\/site\/wp-json\/wp\/v2\/posts"}],"about":[{"href":"https:\/\/www.mormaii.com.br\/site\/wp-json\/wp\/v2\/types\/post"}],"author":[{"embeddable":true,"href":"https:\/\/www.mormaii.com.br\/site\/wp-json\/wp\/v2\/users\/3"}],"replies":[{"embeddable":true,"href":"https:\/\/www.mormaii.com.br\/site\/wp-json\/wp\/v2\/comments?post=2215"}],"version-history":[{"count":1,"href":"https:\/\/www.mormaii.com.br\/site\/wp-json\/wp\/v2\/posts\/2215\/revisions"}],"predecessor-version":[{"id":57858,"href":"https:\/\/www.mormaii.com.br\/site\/wp-json\/wp\/v2\/posts\/2215\/revisions\/57858"}],"wp:attachment":[{"href":"https:\/\/www.mormaii.com.br\/site\/wp-json\/wp\/v2\/media?parent=2215"}],"wp:term":[{"taxonomy":"category","embeddable":true,"href":"https:\/\/www.mormaii.com.br\/site\/wp-json\/wp\/v2\/categories?post=2215"},{"taxonomy":"post_tag","embeddable":true,"href":"https:\/\/www.mormaii.com.br\/site\/wp-json\/wp\/v2\/tags?post=2215"}],"curies":[{"name":"wp","href":"https:\/\/api.w.org\/{rel}","templated":true}]}}