{"id":2239,"date":"2016-04-04T13:33:38","date_gmt":"2016-04-04T13:33:38","guid":{"rendered":"http:\/\/www.mormaii.com.br\/site\/?p=2239"},"modified":"2022-06-10T10:43:22","modified_gmt":"2022-06-10T13:43:22","slug":"noticiasblog-segunda-sem-carne-or-quiche-integral-de-queijo-e-alho-poro","status":"publish","type":"post","link":"https:\/\/www.mormaii.com.br\/site\/noticiasblog-segunda-sem-carne-or-quiche-integral-de-queijo-e-alho-poro\/","title":{"rendered":"Blog Segunda sem Carne | Quiche integral de queijo e alho-por\u00f3"},"content":{"rendered":"<p><strong>Ingredientes<br \/><\/strong>farinha de trigo branca -1 x\u00edcara<br \/>farinha de trigo integral -1 x\u00edcara<br \/>linha\u00e7a &#8211; 2 colheres de sopa<br \/>chia &#8211; 2 colheres de sopa<br \/>manteiga &#8211; 1\/2 x\u00edcara<br \/>sal &#8211; 1 colher de ch\u00e1<br \/>\u00e1gua &#8211; 1\/2 x\u00edcara<br \/>ricota &#8211; 440 gramas<br \/>alho-por\u00f3 &#8211; 1 unidade<br \/>cenoura &#8211; 200 gramas<br \/>ovo &#8211; 3 unidades<br \/>tomate cereja &#8211; 1 x\u00edcara<br \/>requeij\u00e3o cremoso light &#8211; 220 gramas<br \/>creme de leite fresco &#8211; 1 xicara<br \/>sal &#8211; 1\/2 colher de sopa    <\/p>\n<p><strong>Modo de preparo<br \/><\/strong>Separar os ingredientes para fazer a massa.<br \/>Colocar em uma bacia as farinhas, o sal, as sementes e misturar bem.<br \/>Com as pontas dos dedos, fa\u00e7a uma farofa.<br \/>Adicionar a \u00e1gua aos poucos e, sem sovar a massa, misturar tudo at\u00e9 ficar homog\u00eaneo.<br \/>Em uma assadeira redonda de fundo remov\u00edvel aro 26, espalhar toda a massa com a palma da m\u00e3o, at\u00e9 forrar todo o fundo e a lateral. Reservar Organizar todos os ingredientes do recheio. Em outra bacia misturar todos os ingredientes do recheio e por \u00faltimo adicionar o alho-por\u00f3. Colocar o recheio preparado na assadeira, finalizar a decora\u00e7\u00e3o com os tomates-cereja cortados ao meio. Colocar para assar por aproximadamente 40 minutos em forno preaquecido. Ap\u00f3s esfriar, cortar e servir. <\/p>\n<p>fonte[<a href=\"http:\/\/www.namu.com.br\/receitas\/polenta-com-ragu-de-cogumelos\" target=\"_blank\" rel=\"noopener\">http:\/\/www.namu.com.br]<br \/><\/a><\/p>\n","protected":false},"excerpt":{"rendered":"<p>Ingredientesfarinha de trigo branca -1 x\u00edcarafarinha de trigo integral -1 x\u00edcaralinha\u00e7a &#8211; 2 colheres de sopachia &#8211; 2 colheres de sopamanteiga &#8211; 1\/2 x\u00edcarasal &#8211; 1 colher de ch\u00e1\u00e1gua &#8211; 1\/2 x\u00edcararicota &#8211; 440 gramasalho-por\u00f3 &#8211; 1 unidadecenoura &#8211; 200 gramasovo &#8211; 3 unidadestomate cereja &#8211; 1 x\u00edcararequeij\u00e3o cremoso light &#8211; 220 gramascreme de leite [&hellip;]<\/p>\n","protected":false},"author":3,"featured_media":0,"comment_status":"open","ping_status":"open","sticky":false,"template":"","format":"standard","meta":{"_uag_custom_page_level_css":"","_mi_skip_tracking":false,"footnotes":""},"categories":[914],"tags":[],"class_list":["post-2239","post","type-post","status-publish","format-standard","hentry","category-mormaii"],"acf":[],"uagb_featured_image_src":{"full":false,"thumbnail":false,"medium":false,"medium_large":false,"large":false,"1536x1536":false,"2048x2048":false,"qi_addons_for_elementor_image_size_square":false,"qi_addons_for_elementor_image_size_landscape":false,"qi_addons_for_elementor_image_size_portrait":false,"qi_addons_for_elementor_image_size_huge-square":false},"uagb_author_info":{"display_name":"mormaii_importer","author_link":"https:\/\/www.mormaii.com.br\/site\/author\/mormaii_importer\/"},"uagb_comment_info":0,"uagb_excerpt":"Ingredientesfarinha de trigo branca -1 x\u00edcarafarinha de trigo integral -1 x\u00edcaralinha\u00e7a &#8211; 2 colheres de sopachia &#8211; 2 colheres de sopamanteiga &#8211; 1\/2 x\u00edcarasal &#8211; 1 colher de ch\u00e1\u00e1gua &#8211; 1\/2 x\u00edcararicota &#8211; 440 gramasalho-por\u00f3 &#8211; 1 unidadecenoura &#8211; 200 gramasovo &#8211; 3 unidadestomate cereja &#8211; 1 x\u00edcararequeij\u00e3o cremoso light &#8211; 220 gramascreme de leite&hellip;","_links":{"self":[{"href":"https:\/\/www.mormaii.com.br\/site\/wp-json\/wp\/v2\/posts\/2239"}],"collection":[{"href":"https:\/\/www.mormaii.com.br\/site\/wp-json\/wp\/v2\/posts"}],"about":[{"href":"https:\/\/www.mormaii.com.br\/site\/wp-json\/wp\/v2\/types\/post"}],"author":[{"embeddable":true,"href":"https:\/\/www.mormaii.com.br\/site\/wp-json\/wp\/v2\/users\/3"}],"replies":[{"embeddable":true,"href":"https:\/\/www.mormaii.com.br\/site\/wp-json\/wp\/v2\/comments?post=2239"}],"version-history":[{"count":1,"href":"https:\/\/www.mormaii.com.br\/site\/wp-json\/wp\/v2\/posts\/2239\/revisions"}],"predecessor-version":[{"id":57883,"href":"https:\/\/www.mormaii.com.br\/site\/wp-json\/wp\/v2\/posts\/2239\/revisions\/57883"}],"wp:attachment":[{"href":"https:\/\/www.mormaii.com.br\/site\/wp-json\/wp\/v2\/media?parent=2239"}],"wp:term":[{"taxonomy":"category","embeddable":true,"href":"https:\/\/www.mormaii.com.br\/site\/wp-json\/wp\/v2\/categories?post=2239"},{"taxonomy":"post_tag","embeddable":true,"href":"https:\/\/www.mormaii.com.br\/site\/wp-json\/wp\/v2\/tags?post=2239"}],"curies":[{"name":"wp","href":"https:\/\/api.w.org\/{rel}","templated":true}]}}