{"id":2262,"date":"2016-04-04T13:33:38","date_gmt":"2016-04-04T13:33:38","guid":{"rendered":"http:\/\/www.mormaii.com.br\/site\/?p=2262"},"modified":"2022-06-10T10:51:30","modified_gmt":"2022-06-10T13:51:30","slug":"noticiasagua-limpa-e-a-onda","status":"publish","type":"post","link":"https:\/\/www.mormaii.com.br\/site\/noticiasagua-limpa-e-a-onda\/","title":{"rendered":"\u00c1gua Limpa \u00e9 a Onda"},"content":{"rendered":"<p>As praias e o mar fazem parte da vida de todos n\u00f3s.&nbsp;<\/p>\n<p class=\"p1\">Al\u00e9m da exuberante beleza c\u00eanica, oferecem in\u00fameras oportunidades para uma diversidade de usos e s\u00e3o fonte de riquezas e bem-estar da popula\u00e7\u00e3o.&nbsp;<\/p>\n<p class=\"p1\">Entretanto, essas oportunidades est\u00e3o sendo seriamente comprometidas e desperdi\u00e7adas devido ao cont\u00ednuo descaso com o saneamento&nbsp;dos rios e das praias.<\/p>\n<p class=\"p1\">O Rio de Janeiro \u00e9 um exemplo&nbsp;disso.<\/p>\n<p class=\"p1\">A campanha <a href=\"http:\/\/institutoe.org.br\/projetos\/saneamento-ja-agua-limpa-e-a-onda\/\" rel=\"nofollow noopener\" target=\"_blank\">\u00c1gua Limpa \u00e9 a Onda<\/a>, protagonizada por <a href=\"http:\/\/admin.mormaii.com.br\/atletas\/carlos-burle\" rel=\"nofollow noopener\" target=\"_blank\">Carlos Burle<\/a>, est\u00e1 chamando aten\u00e7\u00e3o para o fato.&nbsp;<\/p>\n<p class=\"p1\">Com a proximidade das Olimp\u00edadas, o grave problema da polui\u00e7\u00e3o na Ba\u00eda de Guanabara compromete a imagem da cidade, do estado e do pa\u00eds perante o cen\u00e1rio internacional.&nbsp;<\/p>\n<p class=\"p1\">Grande parte das resid\u00eancias dos munic\u00edpios no entorno da Ba\u00eda de Guanabara ainda n\u00e3o contam com servi\u00e7os de coleta e tratamento de esgoto, e o d\u00e9ficit para se chegar \u00e0 universaliza\u00e7\u00e3o do saneamento nessa regi\u00e3o \u00e9 um enorme desafio a ser vencido.<\/p>\n<p class=\"p1\">Sem falar da situa\u00e7\u00e3o de S\u00e3o Conrado, que tamb\u00e9m&nbsp;\u00e9 alarmante,&nbsp;e da pr\u00f3pria etapa do WCT que est\u00e1 sendo&nbsp;transferida para Grumari, devido a m\u00e1 qualidade da \u00e1gua na Barra da Tijuca.<\/p>\n<p class=\"p1\">Enquanto isso, os despejos de esgoto continuam a afetar a sa\u00fade e causar preju\u00edzos econ\u00f4micos, sociais e ambientais, interferindo na vida das comunidades e&nbsp;na boa realiza\u00e7\u00e3o dos eventos esportivos.<\/p>\n<p class=\"p1\"><\/p>\n<p><img decoding=\"async\" class=\"fr-fin\" alt=\"Image title\" src=\"https:\/\/s3-sa-east-1.amazonaws.com\/cdnmormaii\/uploads\/postImages\/new\/burlemormaii1.jpg\" width=\"840\"><\/p>\n<p style=\"margin-left: 0px; text-align: center;\"><em>Carlos Burle entra seco no tubo<\/em><\/p>\n<p><img decoding=\"async\" class=\"fr-fin\" alt=\"Image title\" src=\"https:\/\/s3-sa-east-1.amazonaws.com\/cdnmormaii\/uploads\/postImages\/new\/burlemormaii2.jpg\" width=\"840\"><\/p>\n<p style=\"margin-left: 0px; text-align: center;\"><em>Mas sai repleto de esgoto<\/em><\/p>\n<p style=\"margin-left: 0px; text-align: left;\">Com esse grito de protesto e convoca\u00e7\u00e3o que une diversas institui\u00e7\u00f5es, movimentos e cidad\u00e3os, busca-se que&nbsp;promessas e planos para recupera\u00e7\u00e3o da qualidade da \u00e1gua dos rios e das praias cariocas sejam cumpridos.<\/p>\n<p class=\"p1\">Assinar o manifesto,&nbsp;ajuda a&nbsp;exigir do poder p\u00fablico o comprometimento na execu\u00e7\u00e3o transparente e eficiente de&nbsp;medidas necess\u00e1rias e urgentes.&nbsp;<\/p>\n<p class=\"p1\">Abaixo, voc\u00ea assiste ao v\u00eddeo do projeto <em>\u00c1gua Limpa \u00e9&nbsp;a Onda<\/em> e, a seguir, tem o link para participar da campanha oferecendo&nbsp;sua assinatura.<\/p>\n<p class=\"p1\"><\/p>\n<p><iframe loading=\"lazy\" width=\"840\" height=\"473\" src=\"https:\/\/www.youtube.com\/embed\/uTKn-M0Rpqk?rel=0&amp;showinfo=0\" frameborder=\"0\" allowfullscreen=\"\"><\/iframe><\/p>\n<p><\/p>\n<p>Para assinar a peti\u00e7\u00e3o, clique no&nbsp;<a href=\"https:\/\/secure.avaaz.org\/po\/petition\/Governo_do_Estado_do_Rio_de_Janeiro_Saneamento_ja_para_que_as_praias_cariocas_picos_de_excelencia_do_surfe\/?nvHTsjb%E2%80%8B\" rel=\"nofollow noopener\" target=\"_blank\">link<\/a>.&nbsp;<\/p>\n","protected":false},"excerpt":{"rendered":"<p>As praias e o mar fazem parte da vida de todos n\u00f3s.&nbsp; Al\u00e9m da exuberante beleza c\u00eanica, oferecem in\u00fameras oportunidades para uma diversidade de usos e s\u00e3o fonte de riquezas e bem-estar da popula\u00e7\u00e3o.&nbsp; Entretanto, essas oportunidades est\u00e3o sendo seriamente comprometidas e desperdi\u00e7adas devido ao cont\u00ednuo descaso com o saneamento&nbsp;dos rios e das praias. O [&hellip;]<\/p>\n","protected":false},"author":3,"featured_media":0,"comment_status":"open","ping_status":"open","sticky":false,"template":"","format":"standard","meta":{"_uag_custom_page_level_css":"","_mi_skip_tracking":false,"footnotes":""},"categories":[914],"tags":[],"class_list":["post-2262","post","type-post","status-publish","format-standard","hentry","category-mormaii"],"acf":[],"uagb_featured_image_src":{"full":false,"thumbnail":false,"medium":false,"medium_large":false,"large":false,"1536x1536":false,"2048x2048":false,"qi_addons_for_elementor_image_size_square":false,"qi_addons_for_elementor_image_size_landscape":false,"qi_addons_for_elementor_image_size_portrait":false,"qi_addons_for_elementor_image_size_huge-square":false},"uagb_author_info":{"display_name":"mormaii_importer","author_link":"https:\/\/www.mormaii.com.br\/site\/author\/mormaii_importer\/"},"uagb_comment_info":0,"uagb_excerpt":"As praias e o mar fazem parte da vida de todos n\u00f3s.&nbsp; Al\u00e9m da exuberante beleza c\u00eanica, oferecem in\u00fameras oportunidades para uma diversidade de usos e s\u00e3o fonte de riquezas e bem-estar da popula\u00e7\u00e3o.&nbsp; Entretanto, essas oportunidades est\u00e3o sendo seriamente comprometidas e desperdi\u00e7adas devido ao cont\u00ednuo descaso com o saneamento&nbsp;dos rios e das praias. O&hellip;","_links":{"self":[{"href":"https:\/\/www.mormaii.com.br\/site\/wp-json\/wp\/v2\/posts\/2262"}],"collection":[{"href":"https:\/\/www.mormaii.com.br\/site\/wp-json\/wp\/v2\/posts"}],"about":[{"href":"https:\/\/www.mormaii.com.br\/site\/wp-json\/wp\/v2\/types\/post"}],"author":[{"embeddable":true,"href":"https:\/\/www.mormaii.com.br\/site\/wp-json\/wp\/v2\/users\/3"}],"replies":[{"embeddable":true,"href":"https:\/\/www.mormaii.com.br\/site\/wp-json\/wp\/v2\/comments?post=2262"}],"version-history":[{"count":1,"href":"https:\/\/www.mormaii.com.br\/site\/wp-json\/wp\/v2\/posts\/2262\/revisions"}],"predecessor-version":[{"id":58310,"href":"https:\/\/www.mormaii.com.br\/site\/wp-json\/wp\/v2\/posts\/2262\/revisions\/58310"}],"wp:attachment":[{"href":"https:\/\/www.mormaii.com.br\/site\/wp-json\/wp\/v2\/media?parent=2262"}],"wp:term":[{"taxonomy":"category","embeddable":true,"href":"https:\/\/www.mormaii.com.br\/site\/wp-json\/wp\/v2\/categories?post=2262"},{"taxonomy":"post_tag","embeddable":true,"href":"https:\/\/www.mormaii.com.br\/site\/wp-json\/wp\/v2\/tags?post=2262"}],"curies":[{"name":"wp","href":"https:\/\/api.w.org\/{rel}","templated":true}]}}