{"id":2278,"date":"2016-04-04T13:33:38","date_gmt":"2016-04-04T13:33:38","guid":{"rendered":"http:\/\/www.mormaii.com.br\/site\/?p=2278"},"modified":"2022-06-10T10:20:25","modified_gmt":"2022-06-10T13:20:25","slug":"noticiaso-triunfo-de-maya-gabeira-em-portugal","status":"publish","type":"post","link":"https:\/\/www.mormaii.com.br\/site\/noticiaso-triunfo-de-maya-gabeira-em-portugal\/","title":{"rendered":"O triunfo de Maya Gabeira em Portugal"},"content":{"rendered":"<p><a href=\"http:\/\/www.mormaii.com.br\/atletas\/maya-gabeira\" rel=\"nofollow noopener\" target=\"_blank\">Maya Gabeira<\/a> retornou a Nazar\u00e9, em Portugal, dois anos ap\u00f3s o grave acidente que quase tirou sua vida quando surfava uma onda gigante na Praia do Norte.<\/p>\n<p class=\"p1\">Atingida por uma massa d\u2019\u00e1gua descomunal, Maya fraturou o tornozelo e levou uma s\u00e9rie sinistra na cabe\u00e7a.&nbsp;<\/p>\n<p class=\"p1\">A surfista foi resgatada inconsciente&nbsp;por <a href=\"http:\/\/www.mormaii.com.br\/atletas\/carlos-burle\" rel=\"nofollow noopener\" target=\"_blank\">Carlos Burle<\/a> e reanimada na praia, de onde partiu direto para o hospital.<\/p>\n<p class=\"p1\">As cenas&nbsp;impactantes&nbsp;correram os notici\u00e1rios do mundo.<\/p>\n<p class=\"p1\">Tudo isso resultou em ainda mais foco e determina\u00e7\u00e3o.&nbsp;<\/p>\n<p class=\"p1\"><\/p>\n<p><img decoding=\"async\" class=\"fr-fin\" alt=\"Image title\" src=\"https:\/\/s3-sa-east-1.amazonaws.com\/cdnmormaii\/uploads\/postImages\/new\/mayamormaii4.jpg\" width=\"840\"><\/p>\n<p class=\"p1\"><\/p>\n<p class=\"p1\">Ap\u00f3s muita prepara\u00e7\u00e3o f\u00edsica e psicol\u00f3gica, duas cirurgias de h\u00e9rnia de disco depois, Maya retornou ao local que mudou sua vida para sempre.<\/p>\n<p class=\"p1\">Como era de se esperar de&nbsp;uma atleta que surfou as maiores ondas do planeta na \u00faltima d\u00e9cada, a carioca, aos 28 anos de idade, deu a volta por cima e provou, para si pr\u00f3pria, que o surf de ondas gigantes \u00e9 sua grande inspira\u00e7\u00e3o.<\/p>\n<p class=\"p1\"><\/p>\n<p><iframe loading=\"lazy\" width=\"840\" height=\"473\" src=\"https:\/\/www.youtube.com\/embed\/uDI0XW_x12Q?rel=0&amp;showinfo=0\" frameborder=\"0\" allowfullscreen=\"\"><\/iframe><\/p>\n<p><\/p>\n<p>[Imagens: Red Bull Content Pool]<\/p>\n","protected":false},"excerpt":{"rendered":"<p>Maya Gabeira retornou a Nazar\u00e9, em Portugal, dois anos ap\u00f3s o grave acidente que quase tirou sua vida quando surfava uma onda gigante na Praia do Norte. Atingida por uma massa d\u2019\u00e1gua descomunal, Maya fraturou o tornozelo e levou uma s\u00e9rie sinistra na cabe\u00e7a.&nbsp; A surfista foi resgatada inconsciente&nbsp;por Carlos Burle e reanimada na praia, [&hellip;]<\/p>\n","protected":false},"author":3,"featured_media":0,"comment_status":"open","ping_status":"open","sticky":false,"template":"","format":"standard","meta":{"_uag_custom_page_level_css":"","_mi_skip_tracking":false,"footnotes":""},"categories":[914],"tags":[],"class_list":["post-2278","post","type-post","status-publish","format-standard","hentry","category-mormaii"],"acf":[],"uagb_featured_image_src":{"full":false,"thumbnail":false,"medium":false,"medium_large":false,"large":false,"1536x1536":false,"2048x2048":false,"qi_addons_for_elementor_image_size_square":false,"qi_addons_for_elementor_image_size_landscape":false,"qi_addons_for_elementor_image_size_portrait":false,"qi_addons_for_elementor_image_size_huge-square":false},"uagb_author_info":{"display_name":"mormaii_importer","author_link":"https:\/\/www.mormaii.com.br\/site\/author\/mormaii_importer\/"},"uagb_comment_info":0,"uagb_excerpt":"Maya Gabeira retornou a Nazar\u00e9, em Portugal, dois anos ap\u00f3s o grave acidente que quase tirou sua vida quando surfava uma onda gigante na Praia do Norte. Atingida por uma massa d\u2019\u00e1gua descomunal, Maya fraturou o tornozelo e levou uma s\u00e9rie sinistra na cabe\u00e7a.&nbsp; A surfista foi resgatada inconsciente&nbsp;por Carlos Burle e reanimada na praia,&hellip;","_links":{"self":[{"href":"https:\/\/www.mormaii.com.br\/site\/wp-json\/wp\/v2\/posts\/2278"}],"collection":[{"href":"https:\/\/www.mormaii.com.br\/site\/wp-json\/wp\/v2\/posts"}],"about":[{"href":"https:\/\/www.mormaii.com.br\/site\/wp-json\/wp\/v2\/types\/post"}],"author":[{"embeddable":true,"href":"https:\/\/www.mormaii.com.br\/site\/wp-json\/wp\/v2\/users\/3"}],"replies":[{"embeddable":true,"href":"https:\/\/www.mormaii.com.br\/site\/wp-json\/wp\/v2\/comments?post=2278"}],"version-history":[{"count":1,"href":"https:\/\/www.mormaii.com.br\/site\/wp-json\/wp\/v2\/posts\/2278\/revisions"}],"predecessor-version":[{"id":57101,"href":"https:\/\/www.mormaii.com.br\/site\/wp-json\/wp\/v2\/posts\/2278\/revisions\/57101"}],"wp:attachment":[{"href":"https:\/\/www.mormaii.com.br\/site\/wp-json\/wp\/v2\/media?parent=2278"}],"wp:term":[{"taxonomy":"category","embeddable":true,"href":"https:\/\/www.mormaii.com.br\/site\/wp-json\/wp\/v2\/categories?post=2278"},{"taxonomy":"post_tag","embeddable":true,"href":"https:\/\/www.mormaii.com.br\/site\/wp-json\/wp\/v2\/tags?post=2278"}],"curies":[{"name":"wp","href":"https:\/\/api.w.org\/{rel}","templated":true}]}}