{"id":2306,"date":"2016-04-04T13:33:38","date_gmt":"2016-04-04T13:33:38","guid":{"rendered":"http:\/\/www.mormaii.com.br\/site\/?p=2306"},"modified":"2022-06-10T10:29:14","modified_gmt":"2022-06-10T13:29:14","slug":"noticiasleo-de-deus-conquista-indice-olimpico-na-natacao","status":"publish","type":"post","link":"https:\/\/www.mormaii.com.br\/site\/noticiasleo-de-deus-conquista-indice-olimpico-na-natacao\/","title":{"rendered":"L\u00e9o de Deus conquista \u00edndice ol\u00edmpico na nata\u00e7\u00e3o"},"content":{"rendered":"<p><a href=\"http:\/\/www.mormaii.com.br\/atletas\/leonardo-de-deus\" rel=\"nofollow noopener\" target=\"_blank\">Leonardo&nbsp;de Deus<\/a>&nbsp;conquistou, na manh\u00e3 desta 4\u00aa feira, 16 de dezembro,&nbsp;o primeiro \u00edndice ol\u00edmpico individual da nata\u00e7\u00e3o brasileira.&nbsp;<\/p>\n<p>L\u00e9o fez o tempo de&nbsp;1m57s43 nos 200m costas, bem abaixo do m\u00e1ximo permitido para garantir uma vaga no Rio 2016 &#8211;&nbsp;1m58s22.&nbsp;<\/p>\n<p>Satisfeito com a marca, o atleta&nbsp;abriu m\u00e3o do Torneio Open e n\u00e3o competiu \u00e0 tarde.<\/p>\n<p class=\"p2\">&#8220;Eu e meu t\u00e9cnico, o Carl\u00e3o, tra\u00e7amos a estrat\u00e9gia de for\u00e7ar pela&nbsp;manh\u00e3 para conseguir logo esse \u00edndice nos 200m costas, at\u00e9 porque minha principal prova \u00e9 no s\u00e1bado, os 200m borboleta, e n\u00e3o quero me desgastar tanto. Assim, vou ficar&nbsp;fora do Open de hoje. Achei o tempo muito bom, ainda mais para manh\u00e3, mesmo querendo nadar pra 1m56 ou no m\u00ednimo para o recorde brasileiro do Thiago Pereira (1m57s19), que ficou pertinho. Mas estou feliz, para um ano desgastante, com tantas competi\u00e7\u00f5es, chegar na \u00faltima da temporada e fazer o melhor tempo do ano \u00e9 satisfat\u00f3rio&#8221;, afirma.<\/p>\n<p class=\"p3\">A nata\u00e7\u00e3o brasileira j\u00e1 havia alcan\u00e7ado vagas ol\u00edmpicas em quatro dos seis revezamentos efetuados&nbsp;durante o Mundial de Kazan, na R\u00fassia,&nbsp;em agosto passado, por\u00e9m, em uma prova individual, esse foi o primeiro \u00edndice conquistado por um atleta.&nbsp;<\/p>\n<p><img decoding=\"async\" class=\"fr-fin\" alt=\"Image title\" src=\"https:\/\/s3-sa-east-1.amazonaws.com\/cdnmormaii\/uploads\/postImages\/567281ee22f50deb7301fbe8\/leodedeus_mormaii_.jpg\" width=\"840\"><\/p>\n<p class=\"p3\">Para completar, L\u00e9o ainda bateu o recorde da competi\u00e7\u00e3o.&nbsp;&#8220;O&nbsp;primeiro passo j\u00e1 foi dado e agora \u00e9 se concentrar para as pr\u00f3ximas provas. Com tempos fortes aqui posso pensar em&nbsp;um trabalho t\u00e9cnico melhor de janeiro a agosto, fazendo uma periodiza\u00e7\u00e3o melhor para&nbsp;Rio 2016, passando por cima do Maria Lenk\u201d,&nbsp;revela.<\/p>\n<p class=\"p2\">Fique ligado no site da Mormaii&nbsp;para mais informa\u00e7\u00f5es sobre a nata\u00e7\u00e3o brasileira e Leonardo de Deus.<\/p>\n<p class=\"p2\">[Fotos: Satiro Sodr\u00e9]<\/p>\n","protected":false},"excerpt":{"rendered":"<p>Leonardo&nbsp;de Deus&nbsp;conquistou, na manh\u00e3 desta 4\u00aa feira, 16 de dezembro,&nbsp;o primeiro \u00edndice ol\u00edmpico individual da nata\u00e7\u00e3o brasileira.&nbsp; L\u00e9o fez o tempo de&nbsp;1m57s43 nos 200m costas, bem abaixo do m\u00e1ximo permitido para garantir uma vaga no Rio 2016 &#8211;&nbsp;1m58s22.&nbsp; Satisfeito com a marca, o atleta&nbsp;abriu m\u00e3o do Torneio Open e n\u00e3o competiu \u00e0 tarde. &#8220;Eu e [&hellip;]<\/p>\n","protected":false},"author":3,"featured_media":0,"comment_status":"open","ping_status":"open","sticky":false,"template":"","format":"standard","meta":{"_uag_custom_page_level_css":"","_mi_skip_tracking":false,"footnotes":""},"categories":[914],"tags":[],"class_list":["post-2306","post","type-post","status-publish","format-standard","hentry","category-mormaii"],"acf":[],"uagb_featured_image_src":{"full":false,"thumbnail":false,"medium":false,"medium_large":false,"large":false,"1536x1536":false,"2048x2048":false,"qi_addons_for_elementor_image_size_square":false,"qi_addons_for_elementor_image_size_landscape":false,"qi_addons_for_elementor_image_size_portrait":false,"qi_addons_for_elementor_image_size_huge-square":false},"uagb_author_info":{"display_name":"mormaii_importer","author_link":"https:\/\/www.mormaii.com.br\/site\/author\/mormaii_importer\/"},"uagb_comment_info":0,"uagb_excerpt":"Leonardo&nbsp;de Deus&nbsp;conquistou, na manh\u00e3 desta 4\u00aa feira, 16 de dezembro,&nbsp;o primeiro \u00edndice ol\u00edmpico individual da nata\u00e7\u00e3o brasileira.&nbsp; L\u00e9o fez o tempo de&nbsp;1m57s43 nos 200m costas, bem abaixo do m\u00e1ximo permitido para garantir uma vaga no Rio 2016 &#8211;&nbsp;1m58s22.&nbsp; Satisfeito com a marca, o atleta&nbsp;abriu m\u00e3o do Torneio Open e n\u00e3o competiu \u00e0 tarde. &#8220;Eu e&hellip;","_links":{"self":[{"href":"https:\/\/www.mormaii.com.br\/site\/wp-json\/wp\/v2\/posts\/2306"}],"collection":[{"href":"https:\/\/www.mormaii.com.br\/site\/wp-json\/wp\/v2\/posts"}],"about":[{"href":"https:\/\/www.mormaii.com.br\/site\/wp-json\/wp\/v2\/types\/post"}],"author":[{"embeddable":true,"href":"https:\/\/www.mormaii.com.br\/site\/wp-json\/wp\/v2\/users\/3"}],"replies":[{"embeddable":true,"href":"https:\/\/www.mormaii.com.br\/site\/wp-json\/wp\/v2\/comments?post=2306"}],"version-history":[{"count":1,"href":"https:\/\/www.mormaii.com.br\/site\/wp-json\/wp\/v2\/posts\/2306\/revisions"}],"predecessor-version":[{"id":57371,"href":"https:\/\/www.mormaii.com.br\/site\/wp-json\/wp\/v2\/posts\/2306\/revisions\/57371"}],"wp:attachment":[{"href":"https:\/\/www.mormaii.com.br\/site\/wp-json\/wp\/v2\/media?parent=2306"}],"wp:term":[{"taxonomy":"category","embeddable":true,"href":"https:\/\/www.mormaii.com.br\/site\/wp-json\/wp\/v2\/categories?post=2306"},{"taxonomy":"post_tag","embeddable":true,"href":"https:\/\/www.mormaii.com.br\/site\/wp-json\/wp\/v2\/tags?post=2306"}],"curies":[{"name":"wp","href":"https:\/\/api.w.org\/{rel}","templated":true}]}}