{"id":2331,"date":"2016-04-04T13:33:38","date_gmt":"2016-04-04T13:33:38","guid":{"rendered":"http:\/\/www.mormaii.com.br\/site\/?p=2331"},"modified":"2022-06-10T10:34:11","modified_gmt":"2022-06-10T13:34:11","slug":"noticiasfinal-de-ano-casca-grossa-de-maya-gabeira","status":"publish","type":"post","link":"https:\/\/www.mormaii.com.br\/site\/noticiasfinal-de-ano-casca-grossa-de-maya-gabeira\/","title":{"rendered":"Final de ano casca grossa de Maya Gabeira"},"content":{"rendered":"<p>Vida de atleta profissional n\u00e3o \u00e9 f\u00e1cil, ainda mais quando o seu trabalho \u00e9 surfar as maiores ondas do mundo.<\/p>\n<p>Enquanto muita gente estava reunida com a fam\u00edlia e os amigos, aproveitando as festas de fim de ano para comemorar, relaxar e descontrair, Maya Gaberia estava em&nbsp;uma miss\u00e3o faixa-preta&nbsp;nas ondas gigantes de Portugal.<\/p>\n<p class=\"p2\">A Praia do Norte mostrou sua for\u00e7a, mais uma vez, e reuniu um time de big riders da pesada, atletas de diversos continentes em busca das montanhas d\u2019\u00e1gua do Atl\u00e2ntico Norte. &nbsp;<\/p>\n<p class=\"p2\">No v\u00eddeo abaixo voc\u00ea assiste uma sess\u00e3o irada, fechando o ano com chave de ouro, imagens incr\u00edveis de tow in e remada.<\/p>\n<p class=\"p2\">A previs\u00e3o em Nazar\u00e9 \u00e9 que o mar continue bombando, portanto, fique ligado para mais novidades aqui no site da Mormaii.<\/p>\n<p>[Foto de capa: NazareWaves.com]<\/p>\n","protected":false},"excerpt":{"rendered":"<p>Vida de atleta profissional n\u00e3o \u00e9 f\u00e1cil, ainda mais quando o seu trabalho \u00e9 surfar as maiores ondas do mundo. Enquanto muita gente estava reunida com a fam\u00edlia e os amigos, aproveitando as festas de fim de ano para comemorar, relaxar e descontrair, Maya Gaberia estava em&nbsp;uma miss\u00e3o faixa-preta&nbsp;nas ondas gigantes de Portugal. A Praia [&hellip;]<\/p>\n","protected":false},"author":3,"featured_media":0,"comment_status":"open","ping_status":"open","sticky":false,"template":"","format":"standard","meta":{"_uag_custom_page_level_css":"","_mi_skip_tracking":false,"footnotes":""},"categories":[914],"tags":[],"class_list":["post-2331","post","type-post","status-publish","format-standard","hentry","category-mormaii"],"acf":[],"uagb_featured_image_src":{"full":false,"thumbnail":false,"medium":false,"medium_large":false,"large":false,"1536x1536":false,"2048x2048":false,"qi_addons_for_elementor_image_size_square":false,"qi_addons_for_elementor_image_size_landscape":false,"qi_addons_for_elementor_image_size_portrait":false,"qi_addons_for_elementor_image_size_huge-square":false},"uagb_author_info":{"display_name":"mormaii_importer","author_link":"https:\/\/www.mormaii.com.br\/site\/author\/mormaii_importer\/"},"uagb_comment_info":0,"uagb_excerpt":"Vida de atleta profissional n\u00e3o \u00e9 f\u00e1cil, ainda mais quando o seu trabalho \u00e9 surfar as maiores ondas do mundo. Enquanto muita gente estava reunida com a fam\u00edlia e os amigos, aproveitando as festas de fim de ano para comemorar, relaxar e descontrair, Maya Gaberia estava em&nbsp;uma miss\u00e3o faixa-preta&nbsp;nas ondas gigantes de Portugal. A Praia&hellip;","_links":{"self":[{"href":"https:\/\/www.mormaii.com.br\/site\/wp-json\/wp\/v2\/posts\/2331"}],"collection":[{"href":"https:\/\/www.mormaii.com.br\/site\/wp-json\/wp\/v2\/posts"}],"about":[{"href":"https:\/\/www.mormaii.com.br\/site\/wp-json\/wp\/v2\/types\/post"}],"author":[{"embeddable":true,"href":"https:\/\/www.mormaii.com.br\/site\/wp-json\/wp\/v2\/users\/3"}],"replies":[{"embeddable":true,"href":"https:\/\/www.mormaii.com.br\/site\/wp-json\/wp\/v2\/comments?post=2331"}],"version-history":[{"count":1,"href":"https:\/\/www.mormaii.com.br\/site\/wp-json\/wp\/v2\/posts\/2331\/revisions"}],"predecessor-version":[{"id":57542,"href":"https:\/\/www.mormaii.com.br\/site\/wp-json\/wp\/v2\/posts\/2331\/revisions\/57542"}],"wp:attachment":[{"href":"https:\/\/www.mormaii.com.br\/site\/wp-json\/wp\/v2\/media?parent=2331"}],"wp:term":[{"taxonomy":"category","embeddable":true,"href":"https:\/\/www.mormaii.com.br\/site\/wp-json\/wp\/v2\/categories?post=2331"},{"taxonomy":"post_tag","embeddable":true,"href":"https:\/\/www.mormaii.com.br\/site\/wp-json\/wp\/v2\/tags?post=2331"}],"curies":[{"name":"wp","href":"https:\/\/api.w.org\/{rel}","templated":true}]}}