{"id":2332,"date":"2016-04-04T13:33:38","date_gmt":"2016-04-04T13:33:38","guid":{"rendered":"http:\/\/www.mormaii.com.br\/site\/?p=2332"},"modified":"2022-06-10T10:51:10","modified_gmt":"2022-06-10T13:51:10","slug":"noticiasallan-do-carmo-focado-nas-olimpiadas","status":"publish","type":"post","link":"https:\/\/www.mormaii.com.br\/site\/noticiasallan-do-carmo-focado-nas-olimpiadas\/","title":{"rendered":"Allan do Carmo focado nas Olimp\u00edadas"},"content":{"rendered":"<p>Allan do Carmo terminou 2015 de olho nos objetivos&nbsp;e j\u00e1&nbsp;iniciou a temporada treinando forte para o Rio 2016.<\/p>\n<p class=\"p3\">\u201cPrimeiro dia, primeiro treino e primeira mat\u00e9ria do ano no Jornal Nacional,&nbsp;da Rede Globo.&nbsp;Reportagem muito&nbsp;legal do Kiko Menezes mostrando que n\u00f3s atletas n\u00e3o tivemos folga e que o ritmo de prepara\u00e7\u00e3o para as Olimp\u00edadas segue forte\u201d, declara o campe\u00e3o mundial de maratonas aqu\u00e1ticas de 2014.<\/p>\n<p class=\"p3\">Como d\u00e1 pra perceber, o ciclo ol\u00edmpico do nadador iniciou pesado e muita \u00e1gua ainda ir\u00e1 rolar at\u00e9 a largada, onde o baiano disputar\u00e1 a prova dos 10km.<\/p>\n<p class=\"p4\">O calend\u00e1rio de treinos incluir\u00e1&nbsp;6 horas por dia, de segunda a s\u00e1bado, e at\u00e9 o domingo de descanso deve ser respeitado, afinal, o repouso faz parte do treino e \u00e9 parte fundamental de uma prepara\u00e7\u00e3o em alto rendimento.<\/p>\n<p class=\"p4\">Confira, no video abaixo, como foi a rotina de Allan do Carmo&nbsp;e outros competidores&nbsp;brasileiros&nbsp;durante a virada do ano e conhe\u00e7a um pouco mais sobre a&nbsp;vida&nbsp;desses grandes atletas.<\/p>\n<p class=\"p4\"><\/p>\n<p><iframe loading=\"lazy\" width=\"840\" height=\"473\" src=\"https:\/\/www.youtube.com\/embed\/3Qced7FxPe0?rel=0&amp;showinfo=0\" frameborder=\"0\" allowfullscreen=\"\"><\/iframe><\/p>\n<p class=\"p4\">[Imagens: Divulga\u00e7\u00e3o]<\/p>\n","protected":false},"excerpt":{"rendered":"<p>Allan do Carmo terminou 2015 de olho nos objetivos&nbsp;e j\u00e1&nbsp;iniciou a temporada treinando forte para o Rio 2016. \u201cPrimeiro dia, primeiro treino e primeira mat\u00e9ria do ano no Jornal Nacional,&nbsp;da Rede Globo.&nbsp;Reportagem muito&nbsp;legal do Kiko Menezes mostrando que n\u00f3s atletas n\u00e3o tivemos folga e que o ritmo de prepara\u00e7\u00e3o para as Olimp\u00edadas segue forte\u201d, declara [&hellip;]<\/p>\n","protected":false},"author":3,"featured_media":0,"comment_status":"open","ping_status":"open","sticky":false,"template":"","format":"standard","meta":{"_uag_custom_page_level_css":"","_mi_skip_tracking":false,"footnotes":""},"categories":[914],"tags":[],"class_list":["post-2332","post","type-post","status-publish","format-standard","hentry","category-mormaii"],"acf":[],"uagb_featured_image_src":{"full":false,"thumbnail":false,"medium":false,"medium_large":false,"large":false,"1536x1536":false,"2048x2048":false,"qi_addons_for_elementor_image_size_square":false,"qi_addons_for_elementor_image_size_landscape":false,"qi_addons_for_elementor_image_size_portrait":false,"qi_addons_for_elementor_image_size_huge-square":false},"uagb_author_info":{"display_name":"mormaii_importer","author_link":"https:\/\/www.mormaii.com.br\/site\/author\/mormaii_importer\/"},"uagb_comment_info":0,"uagb_excerpt":"Allan do Carmo terminou 2015 de olho nos objetivos&nbsp;e j\u00e1&nbsp;iniciou a temporada treinando forte para o Rio 2016. \u201cPrimeiro dia, primeiro treino e primeira mat\u00e9ria do ano no Jornal Nacional,&nbsp;da Rede Globo.&nbsp;Reportagem muito&nbsp;legal do Kiko Menezes mostrando que n\u00f3s atletas n\u00e3o tivemos folga e que o ritmo de prepara\u00e7\u00e3o para as Olimp\u00edadas segue forte\u201d, declara&hellip;","_links":{"self":[{"href":"https:\/\/www.mormaii.com.br\/site\/wp-json\/wp\/v2\/posts\/2332"}],"collection":[{"href":"https:\/\/www.mormaii.com.br\/site\/wp-json\/wp\/v2\/posts"}],"about":[{"href":"https:\/\/www.mormaii.com.br\/site\/wp-json\/wp\/v2\/types\/post"}],"author":[{"embeddable":true,"href":"https:\/\/www.mormaii.com.br\/site\/wp-json\/wp\/v2\/users\/3"}],"replies":[{"embeddable":true,"href":"https:\/\/www.mormaii.com.br\/site\/wp-json\/wp\/v2\/comments?post=2332"}],"version-history":[{"count":1,"href":"https:\/\/www.mormaii.com.br\/site\/wp-json\/wp\/v2\/posts\/2332\/revisions"}],"predecessor-version":[{"id":58286,"href":"https:\/\/www.mormaii.com.br\/site\/wp-json\/wp\/v2\/posts\/2332\/revisions\/58286"}],"wp:attachment":[{"href":"https:\/\/www.mormaii.com.br\/site\/wp-json\/wp\/v2\/media?parent=2332"}],"wp:term":[{"taxonomy":"category","embeddable":true,"href":"https:\/\/www.mormaii.com.br\/site\/wp-json\/wp\/v2\/categories?post=2332"},{"taxonomy":"post_tag","embeddable":true,"href":"https:\/\/www.mormaii.com.br\/site\/wp-json\/wp\/v2\/tags?post=2332"}],"curies":[{"name":"wp","href":"https:\/\/api.w.org\/{rel}","templated":true}]}}