{"id":2333,"date":"2016-04-04T13:33:38","date_gmt":"2016-04-04T13:33:38","guid":{"rendered":"http:\/\/www.mormaii.com.br\/site\/?p=2333"},"modified":"2022-06-10T10:25:35","modified_gmt":"2022-06-10T13:25:35","slug":"noticiasmaya-gabeira-e-destaque-no-surfline","status":"publish","type":"post","link":"https:\/\/www.mormaii.com.br\/site\/noticiasmaya-gabeira-e-destaque-no-surfline\/","title":{"rendered":"Maya Gabeira \u00e9 destaque no Surfline"},"content":{"rendered":"<p><a href=\"http:\/\/www.mormaii.com.br\/atletas\/maya-gabeira\" rel=\"nofollow noopener\" target=\"_blank\" style=\"background-color: rgb(255, 255, 255);\">Maya Gabeira<\/a> foi destaque no Surfline, maior site de surf do planeta, em uma mat\u00e9ria especial produzida pela equipe do projeto Red Chargers, que monitora e registra as maiores ondula\u00e7\u00f5es&nbsp;da temporada em Portugal.<\/p>\n<p class=\"p1\">Entre cenas de bastidores&nbsp;e muita a\u00e7\u00e3o nas bombas de Nazar\u00e9,&nbsp;a carioca&nbsp;revela detalhes do in\u00edcio da sua carreira&nbsp;e do acidente&nbsp;de&nbsp;2013, quando quase perdeu a vida nas ondas gigantes da Praia do Norte.<\/p>\n<p class=\"p1\">N\u00e3o por acaso, o t\u00edtulo da reportagem \u00e9 &#8220;Maya Gabeira surfs bigger waves than you&#8221;, ou,&nbsp;&#8220;Maya Gabeira surfa ondas maiores que voc\u00ea&#8221;.<\/p>\n<p class=\"p1\">Confira a mat\u00e9ria completa e embarque com Maya Gabeira nas ondas gigantes de <a href=\"http:\/\/www.surfline.com\/surflinetv\/webisodes\/maya-gabeira-surfs-bigger-waves-than-you_134802\" rel=\"nofollow noopener\" target=\"_blank\">Nazar\u00e9<\/a>.<\/p>\n<p class=\"p1\">[Foto: WSL\/Helio Antonio]<\/p>\n","protected":false},"excerpt":{"rendered":"<p>Maya Gabeira foi destaque no Surfline, maior site de surf do planeta, em uma mat\u00e9ria especial produzida pela equipe do projeto Red Chargers, que monitora e registra as maiores ondula\u00e7\u00f5es&nbsp;da temporada em Portugal. Entre cenas de bastidores&nbsp;e muita a\u00e7\u00e3o nas bombas de Nazar\u00e9,&nbsp;a carioca&nbsp;revela detalhes do in\u00edcio da sua carreira&nbsp;e do acidente&nbsp;de&nbsp;2013, quando quase perdeu [&hellip;]<\/p>\n","protected":false},"author":3,"featured_media":0,"comment_status":"open","ping_status":"open","sticky":false,"template":"","format":"standard","meta":{"_uag_custom_page_level_css":"","_mi_skip_tracking":false,"footnotes":""},"categories":[914],"tags":[],"class_list":["post-2333","post","type-post","status-publish","format-standard","hentry","category-mormaii"],"acf":[],"uagb_featured_image_src":{"full":false,"thumbnail":false,"medium":false,"medium_large":false,"large":false,"1536x1536":false,"2048x2048":false,"qi_addons_for_elementor_image_size_square":false,"qi_addons_for_elementor_image_size_landscape":false,"qi_addons_for_elementor_image_size_portrait":false,"qi_addons_for_elementor_image_size_huge-square":false},"uagb_author_info":{"display_name":"mormaii_importer","author_link":"https:\/\/www.mormaii.com.br\/site\/author\/mormaii_importer\/"},"uagb_comment_info":0,"uagb_excerpt":"Maya Gabeira foi destaque no Surfline, maior site de surf do planeta, em uma mat\u00e9ria especial produzida pela equipe do projeto Red Chargers, que monitora e registra as maiores ondula\u00e7\u00f5es&nbsp;da temporada em Portugal. Entre cenas de bastidores&nbsp;e muita a\u00e7\u00e3o nas bombas de Nazar\u00e9,&nbsp;a carioca&nbsp;revela detalhes do in\u00edcio da sua carreira&nbsp;e do acidente&nbsp;de&nbsp;2013, quando quase perdeu&hellip;","_links":{"self":[{"href":"https:\/\/www.mormaii.com.br\/site\/wp-json\/wp\/v2\/posts\/2333"}],"collection":[{"href":"https:\/\/www.mormaii.com.br\/site\/wp-json\/wp\/v2\/posts"}],"about":[{"href":"https:\/\/www.mormaii.com.br\/site\/wp-json\/wp\/v2\/types\/post"}],"author":[{"embeddable":true,"href":"https:\/\/www.mormaii.com.br\/site\/wp-json\/wp\/v2\/users\/3"}],"replies":[{"embeddable":true,"href":"https:\/\/www.mormaii.com.br\/site\/wp-json\/wp\/v2\/comments?post=2333"}],"version-history":[{"count":1,"href":"https:\/\/www.mormaii.com.br\/site\/wp-json\/wp\/v2\/posts\/2333\/revisions"}],"predecessor-version":[{"id":57230,"href":"https:\/\/www.mormaii.com.br\/site\/wp-json\/wp\/v2\/posts\/2333\/revisions\/57230"}],"wp:attachment":[{"href":"https:\/\/www.mormaii.com.br\/site\/wp-json\/wp\/v2\/media?parent=2333"}],"wp:term":[{"taxonomy":"category","embeddable":true,"href":"https:\/\/www.mormaii.com.br\/site\/wp-json\/wp\/v2\/categories?post=2333"},{"taxonomy":"post_tag","embeddable":true,"href":"https:\/\/www.mormaii.com.br\/site\/wp-json\/wp\/v2\/tags?post=2333"}],"curies":[{"name":"wp","href":"https:\/\/api.w.org\/{rel}","templated":true}]}}