{"id":2337,"date":"2016-04-04T13:33:38","date_gmt":"2016-04-04T13:33:38","guid":{"rendered":"http:\/\/www.mormaii.com.br\/site\/?p=2337"},"modified":"2022-06-10T10:51:10","modified_gmt":"2022-06-10T13:51:10","slug":"noticiasallan-do-carmo-em-busca-de-mais-um-recorde","status":"publish","type":"post","link":"https:\/\/www.mormaii.com.br\/site\/noticiasallan-do-carmo-em-busca-de-mais-um-recorde\/","title":{"rendered":"Allan do Carmo em busca de mais um recorde"},"content":{"rendered":"<p><a href=\"http:\/\/www.mormaii.com.br\/atletas\/allan-do-carmo\" rel=\"nofollow noopener\" target=\"_blank\">Allan do Carmo<\/a> vai disputar pela 9\u00aa&nbsp;vez a travessia Mar Grande\/Salvador, uma das mais tradicionais provas de maratonas aqu\u00e1ticas do pa\u00eds.&nbsp;<\/p>\n<p>No dia 10 de janeiro, ele cair\u00e1 na \u00e1gua em busca do 6\u00ba t\u00edtulo da competi\u00e7\u00e3o. Em 2015, ao conquistar o 1\u00ba lugar do p\u00f3dio pela 5\u00aa vez, o baiano&nbsp;se tornou o maior vencedor da prova, ao lado de Lourival Quirino.<\/p>\n<p>\u201cCom certeza, bater recordes \u00e9 importante para qualquer atleta. Quero fazer hist\u00f3ria no esporte baiano e nacional. Mas, apesar disso, me isolar como maior vencedor&nbsp;dessa prova n\u00e3o \u00e9 o mais importante. Para mim, o que mais importa \u00e9 manter a prepara\u00e7\u00e3o em alto n\u00edvel para as Olimp\u00edadas e nadar sob o calor do povo baiano. Essa sensa\u00e7\u00e3o n\u00e3o existe igual. Sentir a energia do nosso povo \u00e9 gostoso demais\u201d, declara.<\/p>\n<p>Sobre a prepara\u00e7\u00e3o para a largada, Allan do Carmo, campe\u00e3o mundial de maratonas aqu\u00e1ticas em 2014,&nbsp;destacou que o ritmo foi forte, afinal,&nbsp;uma prova importante como essa requer todos&nbsp;cuidados para que nada saia do&nbsp;planejado.<\/p>\n<p>\u201cTreinamos pesado at\u00e9 no primeiro dia do ano. A prepara\u00e7\u00e3o n\u00e3o envolve somente a parte t\u00e9cnica, tem tamb\u00e9m o trabalho do nutricionista, do psic\u00f3logo, do fisioterapeuta, da massagista&#8230; \u00c9 toda uma equipe envolvida para que eu cruze a linha de chegada na melhor condi\u00e7\u00e3o poss\u00edvel. Darei o meu m\u00e1ximo, como sempre\u201d, garante.<\/p>\n<p>Abaixo, voc\u00ea assiste a prepara\u00e7\u00e3o do nadador em uma mat\u00e9ria especial da TV Record.<\/p>\n<p>&nbsp;<\/p>\n<p><iframe loading=\"lazy\" width=\"840\" height=\"630\" src=\"https:\/\/www.youtube.com\/embed\/y8BHjEl4oBY?rel=0&amp;showinfo=0\" frameborder=\"0\" allowfullscreen=\"\"><\/iframe><\/p>\n<p>[Foto: Satiro Sodr\u00e9]<\/p>\n","protected":false},"excerpt":{"rendered":"<p>Allan do Carmo vai disputar pela 9\u00aa&nbsp;vez a travessia Mar Grande\/Salvador, uma das mais tradicionais provas de maratonas aqu\u00e1ticas do pa\u00eds.&nbsp; No dia 10 de janeiro, ele cair\u00e1 na \u00e1gua em busca do 6\u00ba t\u00edtulo da competi\u00e7\u00e3o. Em 2015, ao conquistar o 1\u00ba lugar do p\u00f3dio pela 5\u00aa vez, o baiano&nbsp;se tornou o maior vencedor [&hellip;]<\/p>\n","protected":false},"author":3,"featured_media":0,"comment_status":"open","ping_status":"open","sticky":false,"template":"","format":"standard","meta":{"_uag_custom_page_level_css":"","_mi_skip_tracking":false,"footnotes":""},"categories":[914],"tags":[],"class_list":["post-2337","post","type-post","status-publish","format-standard","hentry","category-mormaii"],"acf":[],"uagb_featured_image_src":{"full":false,"thumbnail":false,"medium":false,"medium_large":false,"large":false,"1536x1536":false,"2048x2048":false,"qi_addons_for_elementor_image_size_square":false,"qi_addons_for_elementor_image_size_landscape":false,"qi_addons_for_elementor_image_size_portrait":false,"qi_addons_for_elementor_image_size_huge-square":false},"uagb_author_info":{"display_name":"mormaii_importer","author_link":"https:\/\/www.mormaii.com.br\/site\/author\/mormaii_importer\/"},"uagb_comment_info":0,"uagb_excerpt":"Allan do Carmo vai disputar pela 9\u00aa&nbsp;vez a travessia Mar Grande\/Salvador, uma das mais tradicionais provas de maratonas aqu\u00e1ticas do pa\u00eds.&nbsp; No dia 10 de janeiro, ele cair\u00e1 na \u00e1gua em busca do 6\u00ba t\u00edtulo da competi\u00e7\u00e3o. Em 2015, ao conquistar o 1\u00ba lugar do p\u00f3dio pela 5\u00aa vez, o baiano&nbsp;se tornou o maior vencedor&hellip;","_links":{"self":[{"href":"https:\/\/www.mormaii.com.br\/site\/wp-json\/wp\/v2\/posts\/2337"}],"collection":[{"href":"https:\/\/www.mormaii.com.br\/site\/wp-json\/wp\/v2\/posts"}],"about":[{"href":"https:\/\/www.mormaii.com.br\/site\/wp-json\/wp\/v2\/types\/post"}],"author":[{"embeddable":true,"href":"https:\/\/www.mormaii.com.br\/site\/wp-json\/wp\/v2\/users\/3"}],"replies":[{"embeddable":true,"href":"https:\/\/www.mormaii.com.br\/site\/wp-json\/wp\/v2\/comments?post=2337"}],"version-history":[{"count":1,"href":"https:\/\/www.mormaii.com.br\/site\/wp-json\/wp\/v2\/posts\/2337\/revisions"}],"predecessor-version":[{"id":58288,"href":"https:\/\/www.mormaii.com.br\/site\/wp-json\/wp\/v2\/posts\/2337\/revisions\/58288"}],"wp:attachment":[{"href":"https:\/\/www.mormaii.com.br\/site\/wp-json\/wp\/v2\/media?parent=2337"}],"wp:term":[{"taxonomy":"category","embeddable":true,"href":"https:\/\/www.mormaii.com.br\/site\/wp-json\/wp\/v2\/categories?post=2337"},{"taxonomy":"post_tag","embeddable":true,"href":"https:\/\/www.mormaii.com.br\/site\/wp-json\/wp\/v2\/tags?post=2337"}],"curies":[{"name":"wp","href":"https:\/\/api.w.org\/{rel}","templated":true}]}}