{"id":2353,"date":"2016-04-04T13:33:38","date_gmt":"2016-04-04T13:33:38","guid":{"rendered":"http:\/\/www.mormaii.com.br\/site\/?p=2353"},"modified":"2022-06-10T10:52:31","modified_gmt":"2022-06-10T13:52:31","slug":"noticiasa-acao-mormaii-oculos-com-a-recordista-karol-meyer","status":"publish","type":"post","link":"https:\/\/www.mormaii.com.br\/site\/noticiasa-acao-mormaii-oculos-com-a-recordista-karol-meyer\/","title":{"rendered":"A a\u00e7\u00e3o Mormaii \u00d3culos  com a recordista  Karol Meyer."},"content":{"rendered":"<p><b>A a\u00e7\u00e3o Mormaii \u00d3culos no Cost\u00e3o do Santinho na \u00faltima semana foi com a recordista mundial Karol Meyer.<\/b><\/p>\n<p><b>Al\u00e9m de palestra para o grupo teen, teve sorteio de \u00f3culos Mormaii, dicas de apneia, torneio para os adultos e at\u00e9  uma <\/b><\/p>\n<p><b>Demonstra\u00e7\u00e3o de apneia em piscina feita pela atleta que levantou aplausos dos presentes.<\/b><\/p>\n<p><strong>Confiram algumas imagens,&nbsp;<\/strong><a href=\"https:\/\/www.facebook.com\/KarolMeyerOficialPage\/posts\/1021165447930271\" rel=\"nofollow noopener\" target=\"_blank\">clique aqui.<\/a><\/p>\n","protected":false},"excerpt":{"rendered":"<p>A a\u00e7\u00e3o Mormaii \u00d3culos no Cost\u00e3o do Santinho na \u00faltima semana foi com a recordista mundial Karol Meyer. Al\u00e9m de palestra para o grupo teen, teve sorteio de \u00f3culos Mormaii, dicas de apneia, torneio para os adultos e at\u00e9 uma Demonstra\u00e7\u00e3o de apneia em piscina feita pela atleta que levantou aplausos dos presentes. Confiram algumas [&hellip;]<\/p>\n","protected":false},"author":3,"featured_media":0,"comment_status":"open","ping_status":"open","sticky":false,"template":"","format":"standard","meta":{"_uag_custom_page_level_css":"","_mi_skip_tracking":false,"footnotes":""},"categories":[914],"tags":[],"class_list":["post-2353","post","type-post","status-publish","format-standard","hentry","category-mormaii"],"acf":[],"uagb_featured_image_src":{"full":false,"thumbnail":false,"medium":false,"medium_large":false,"large":false,"1536x1536":false,"2048x2048":false,"qi_addons_for_elementor_image_size_square":false,"qi_addons_for_elementor_image_size_landscape":false,"qi_addons_for_elementor_image_size_portrait":false,"qi_addons_for_elementor_image_size_huge-square":false},"uagb_author_info":{"display_name":"mormaii_importer","author_link":"https:\/\/www.mormaii.com.br\/site\/author\/mormaii_importer\/"},"uagb_comment_info":0,"uagb_excerpt":"A a\u00e7\u00e3o Mormaii \u00d3culos no Cost\u00e3o do Santinho na \u00faltima semana foi com a recordista mundial Karol Meyer. Al\u00e9m de palestra para o grupo teen, teve sorteio de \u00f3culos Mormaii, dicas de apneia, torneio para os adultos e at\u00e9 uma Demonstra\u00e7\u00e3o de apneia em piscina feita pela atleta que levantou aplausos dos presentes. Confiram algumas&hellip;","_links":{"self":[{"href":"https:\/\/www.mormaii.com.br\/site\/wp-json\/wp\/v2\/posts\/2353"}],"collection":[{"href":"https:\/\/www.mormaii.com.br\/site\/wp-json\/wp\/v2\/posts"}],"about":[{"href":"https:\/\/www.mormaii.com.br\/site\/wp-json\/wp\/v2\/types\/post"}],"author":[{"embeddable":true,"href":"https:\/\/www.mormaii.com.br\/site\/wp-json\/wp\/v2\/users\/3"}],"replies":[{"embeddable":true,"href":"https:\/\/www.mormaii.com.br\/site\/wp-json\/wp\/v2\/comments?post=2353"}],"version-history":[{"count":1,"href":"https:\/\/www.mormaii.com.br\/site\/wp-json\/wp\/v2\/posts\/2353\/revisions"}],"predecessor-version":[{"id":58339,"href":"https:\/\/www.mormaii.com.br\/site\/wp-json\/wp\/v2\/posts\/2353\/revisions\/58339"}],"wp:attachment":[{"href":"https:\/\/www.mormaii.com.br\/site\/wp-json\/wp\/v2\/media?parent=2353"}],"wp:term":[{"taxonomy":"category","embeddable":true,"href":"https:\/\/www.mormaii.com.br\/site\/wp-json\/wp\/v2\/categories?post=2353"},{"taxonomy":"post_tag","embeddable":true,"href":"https:\/\/www.mormaii.com.br\/site\/wp-json\/wp\/v2\/tags?post=2353"}],"curies":[{"name":"wp","href":"https:\/\/api.w.org\/{rel}","templated":true}]}}