{"id":2354,"date":"2016-04-04T13:33:38","date_gmt":"2016-04-04T13:33:38","guid":{"rendered":"http:\/\/www.mormaii.com.br\/site\/?p=2354"},"modified":"2022-06-10T10:30:28","modified_gmt":"2022-06-10T13:30:28","slug":"noticiaskarol-meyer-e-os-treinos-do-1o-petra-dive-games","status":"publish","type":"post","link":"https:\/\/www.mormaii.com.br\/site\/noticiaskarol-meyer-e-os-treinos-do-1o-petra-dive-games\/","title":{"rendered":"Karol Meyer e os treinos do 1\u00ba Petra Dive Games"},"content":{"rendered":"<p>Nesse final de semana, um grupo de atletas de apn\u00e9ia se uniu&nbsp;para superar seus limites f\u00edsicos na Ilha do Xavier, em Florian\u00f3polis (SC).<\/p>\n<p class=\"p1\">Orientados pela recordista mundial da modalidade, a brasileira <a href=\"http:\/\/www.mormaii.com.br\/atletas\/karol-meyer\" rel=\"nofollow noopener\" target=\"_blank\">Karol Meyer<\/a>, eles participam de uma competi\u00e7\u00e3o in\u00e9dita na Am\u00e9rica do Sul, o 1\u00ba Petra Dive Games.<\/p>\n<p class=\"p1\">O evento&nbsp;utiliza&nbsp;como base um&nbsp;embarca\u00e7\u00e3o, onde&nbsp;os apneistas se preparam para um grande desafio.&nbsp;<\/p>\n<p class=\"p1\">Em duplas, cada competidor segura nas m\u00e3os uma pedra chamada&nbsp;Skandalopetra, que deve ser levada at\u00e9 a&nbsp;profundidade fixada pelas regras da competi\u00e7\u00e3o, atrav\u00e9s de um trajeto&nbsp;vertical.<\/p>\n<p><img decoding=\"async\" class=\"fr-fin\" alt=\"Image title\" src=\"https:\/\/s3-sa-east-1.amazonaws.com\/cdnmormaii\/uploads\/postImages\/new\/karol2.jpg\" width=\"840\"><\/p>\n<p class=\"p1\" style=\"text-align: center;\"><em>At\u00e9 onde vai o limite do seu corpo? | Fotos:&nbsp;Juliana Clementi<\/em><\/p>\n<p class=\"p1\" style=\"text-align: left;\">O atleta deve voltar \u00e0 superf\u00edcie rebocado por seu companheiro de equipe, sem o uso de qualquer mecanismo, com o objetivo de completar o percurso no&nbsp;menor tempo poss\u00edvel e com a abordagem mais pr\u00f3xima da profundidade fixada.<\/p>\n<p class=\"p1\">A prova exige agilidade na compensa\u00e7\u00e3o dos ouvidos, hidrodinamismo e&nbsp;muita t\u00e9cnica durante todo o mergulho, carregando uma pedra de 11kg, sem m\u00e1scara e sem nadadeiras.<\/p>\n<p class=\"p1\">Durante a prova, uma s\u00e9rie de regras determinam a classifica\u00e7\u00e3o e pontua\u00e7\u00e3o dos atletas,&nbsp;por exemplo: na descida, eles n\u00e3o poder\u00e3o impulsionar a pedra com as pernas ou bra\u00e7os e assim que chegarem na superf\u00edcie devem tirar o grampo do nariz e fazer o sinal de &#8220;ok&#8221;.<\/p>\n<p class=\"p1\">A&nbsp;modalidade&nbsp;Skandalopetra remete aos mergulhadores da Gr\u00e9cia antiga que se&nbsp;utilizavam dessa t\u00e9cnica para pescar.<\/p>\n<p class=\"p1\">Todas as regras respeitam a Associa\u00e7\u00e3o Internacional Grega, presidida pela maior autoridade no assunto, o Dr. Nikolas Trikilis.<\/p>\n<p class=\"p1\">O s\u00e1bado ensolarado foi perfeito para os&nbsp;treinos e nesse&nbsp;domingo&nbsp;est\u00e1 marcada a prova final, sob a supervis\u00e3o dos ju\u00edzes oficiais e sob os cuidados da equipe de mergulho e apoio&nbsp;da escola Cultura Subaqu\u00e1tica.<\/p>\n","protected":false},"excerpt":{"rendered":"<p>Nesse final de semana, um grupo de atletas de apn\u00e9ia se uniu&nbsp;para superar seus limites f\u00edsicos na Ilha do Xavier, em Florian\u00f3polis (SC). Orientados pela recordista mundial da modalidade, a brasileira Karol Meyer, eles participam de uma competi\u00e7\u00e3o in\u00e9dita na Am\u00e9rica do Sul, o 1\u00ba Petra Dive Games. O evento&nbsp;utiliza&nbsp;como base um&nbsp;embarca\u00e7\u00e3o, onde&nbsp;os apneistas se [&hellip;]<\/p>\n","protected":false},"author":3,"featured_media":0,"comment_status":"open","ping_status":"open","sticky":false,"template":"","format":"standard","meta":{"_uag_custom_page_level_css":"","_mi_skip_tracking":false,"footnotes":""},"categories":[914],"tags":[],"class_list":["post-2354","post","type-post","status-publish","format-standard","hentry","category-mormaii"],"acf":[],"uagb_featured_image_src":{"full":false,"thumbnail":false,"medium":false,"medium_large":false,"large":false,"1536x1536":false,"2048x2048":false,"qi_addons_for_elementor_image_size_square":false,"qi_addons_for_elementor_image_size_landscape":false,"qi_addons_for_elementor_image_size_portrait":false,"qi_addons_for_elementor_image_size_huge-square":false},"uagb_author_info":{"display_name":"mormaii_importer","author_link":"https:\/\/www.mormaii.com.br\/site\/author\/mormaii_importer\/"},"uagb_comment_info":0,"uagb_excerpt":"Nesse final de semana, um grupo de atletas de apn\u00e9ia se uniu&nbsp;para superar seus limites f\u00edsicos na Ilha do Xavier, em Florian\u00f3polis (SC). Orientados pela recordista mundial da modalidade, a brasileira Karol Meyer, eles participam de uma competi\u00e7\u00e3o in\u00e9dita na Am\u00e9rica do Sul, o 1\u00ba Petra Dive Games. O evento&nbsp;utiliza&nbsp;como base um&nbsp;embarca\u00e7\u00e3o, onde&nbsp;os apneistas se&hellip;","_links":{"self":[{"href":"https:\/\/www.mormaii.com.br\/site\/wp-json\/wp\/v2\/posts\/2354"}],"collection":[{"href":"https:\/\/www.mormaii.com.br\/site\/wp-json\/wp\/v2\/posts"}],"about":[{"href":"https:\/\/www.mormaii.com.br\/site\/wp-json\/wp\/v2\/types\/post"}],"author":[{"embeddable":true,"href":"https:\/\/www.mormaii.com.br\/site\/wp-json\/wp\/v2\/users\/3"}],"replies":[{"embeddable":true,"href":"https:\/\/www.mormaii.com.br\/site\/wp-json\/wp\/v2\/comments?post=2354"}],"version-history":[{"count":1,"href":"https:\/\/www.mormaii.com.br\/site\/wp-json\/wp\/v2\/posts\/2354\/revisions"}],"predecessor-version":[{"id":57419,"href":"https:\/\/www.mormaii.com.br\/site\/wp-json\/wp\/v2\/posts\/2354\/revisions\/57419"}],"wp:attachment":[{"href":"https:\/\/www.mormaii.com.br\/site\/wp-json\/wp\/v2\/media?parent=2354"}],"wp:term":[{"taxonomy":"category","embeddable":true,"href":"https:\/\/www.mormaii.com.br\/site\/wp-json\/wp\/v2\/categories?post=2354"},{"taxonomy":"post_tag","embeddable":true,"href":"https:\/\/www.mormaii.com.br\/site\/wp-json\/wp\/v2\/tags?post=2354"}],"curies":[{"name":"wp","href":"https:\/\/api.w.org\/{rel}","templated":true}]}}