{"id":2386,"date":"2016-04-04T13:33:38","date_gmt":"2016-04-04T13:33:38","guid":{"rendered":"http:\/\/www.mormaii.com.br\/site\/?p=2386"},"modified":"2022-06-10T10:19:43","modified_gmt":"2022-06-10T13:19:43","slug":"noticiaspai-e-filha-em-uma-travessia-de-moto-inspiradora","status":"publish","type":"post","link":"https:\/\/www.mormaii.com.br\/site\/noticiaspai-e-filha-em-uma-travessia-de-moto-inspiradora\/","title":{"rendered":"Pai e filha em uma travessia de moto inspiradora"},"content":{"rendered":"<p>Rafael Barata realizou uma travessia incr\u00edvel na companhia da filha Maria Clara, percorrendo quase 10 mil quil\u00f4metros de moto por alguns dos lugares mais fascinantes da Am\u00e9rica do Sul.<\/p>\n<p>Uma aventura inesquec\u00edvel que ele fez a gentileza de narrar, com detalhes,&nbsp;no texto abaixo.<\/p>\n<p><img decoding=\"async\" class=\"fr-fin\" alt=\"Image title\" src=\"https:\/\/s3-sa-east-1.amazonaws.com\/cdnmormaii\/uploads\/postImages\/56b31e06c5eb0bef1286af84\/CapacetesMormaii1.jpg\" width=\"840\"><\/p>\n<p>&#8220;Amyr Klink, sabiamente, disse certa vez que um homem precisa viajar, n\u00e3o por meios de hist\u00f3rias, mas com os pr\u00f3prios p\u00e9s, para saber o que \u00e9 seu; que precisa sentir o frio para desfrutar o calor, e o oposto.<\/p>\n<p>N\u00e3o h\u00e1 meio mais apropriado para experimentar tais sensa\u00e7\u00f5es e compreender tais conceitos do que em uma viagem de moto, pois somente assim, de bicicleta ou \u00e0 p\u00e9, estamos totalmente expostos \u00e0s intemp\u00e9ries, ao clima e a todos os elementos que nos cercam.<\/p>\n<p><img decoding=\"async\" class=\"fr-fin\" alt=\"Image title\" src=\"https:\/\/s3-sa-east-1.amazonaws.com\/cdnmormaii\/uploads\/postImages\/56b31e06c5eb0bef1286af84\/CapacetesMormaii2.jpg\" width=\"840\"><\/p>\n<p>Como eu j\u00e1 havia desfrutado de todos esses benef\u00edcios outras vezes, quis dividir essas emo\u00e7\u00f5es e sensa\u00e7\u00f5es com minha filha Maria Clara, de 15 anos.<\/p>\n<p>Apesar da grande responsabilidade pela seguran\u00e7a dela, valeu a pena, pois vivenciamos momentos enriquecedores. <\/p>\n<p><img decoding=\"async\" class=\"fr-fin\" alt=\"Image title\" src=\"https:\/\/s3-sa-east-1.amazonaws.com\/cdnmormaii\/uploads\/postImages\/56b31e06c5eb0bef1286af84\/CapacetesMormaii3.jpg\" width=\"840\"><\/p>\n<p>Vimos paisagens fant\u00e1sticas e uma incr\u00edvel diversidade de biomas, desde as incompar\u00e1veis Cataratas do Igua\u00e7u; passando pelas plan\u00edcies do Chaco; pelas grandes altitudes da por\u00e7\u00e3o argentina da Cordilheira dos Andes, na regi\u00e3o de Purmamarca e Susques; pelas Salinas Grandes; por Paso Jama e pelo Deserto do Atacama propriamente dito.<\/p>\n<p>Nos banhamos nas \u00e1guas frias do Pac\u00edfico, na costa Chilena, subimos os Caracoles, em Los Andes, cruzamos o Paso de Los Libertadores, nos deliciamos com as curvas, t\u00faneis e belezas da estrada no entorno de Mendoza, deliramos com a maravilhosa paisagem formada pela cheia do Rio Paran\u00e1, que cercava a estrada por uma extens\u00e3o de 60 quil\u00f4metros, desde Ros\u00e1rio at\u00e9 Vict\u00f3ria, ainda na Argentina e, por fim, nos esbaldamos nas belas estradinhas estaduais do sul do pa\u00eds, especialmente as de Santa Catarina.<\/p>\n<p><img decoding=\"async\" class=\"fr-fin\" alt=\"Image title\" src=\"https:\/\/s3-sa-east-1.amazonaws.com\/cdnmormaii\/uploads\/postImages\/56b31e06c5eb0bef1286af84\/CapacetesMormaii4.jpg\" width=\"840\"><\/p>\n<p>Ao todo, foram 9.188km percorridos, desde o n\u00edvel do mar at\u00e9 4.839m de altitude, sob sol e calor, sob a luz da lua e chuva, sempre em \u00f3tima companhia, n\u00e3o s\u00f3 da minha filha, mas tamb\u00e9m dos amigos Guilherme e Maur\u00edcio, al\u00e9m de outros bons amigos feitos no curso da viagem, que muito nos ensinaram, compartilhando conosco suas experi\u00eancias ou simplesmente afetividade.<\/p>\n<p>S\u00f3 tenho a agradecer a Deus por tamb\u00e9m ter sido companhia constante (nas viagens e na minha vida) e por me permitir vivenciar esses momentos memor\u00e1veis que tento repartir.&#8221;<\/p>\n<p><img decoding=\"async\" class=\"fr-fin\" alt=\"Image title\" src=\"https:\/\/s3-sa-east-1.amazonaws.com\/cdnmormaii\/uploads\/postImages\/56b31e06c5eb0bef1286af84\/CapacetesMormaii5.jpg\" width=\"840\"><\/p>\n<p>[Fotos: Guilherme Orlando, Rafael Barata e Maria Clara Barata]<\/p>\n<p><a href=\"http:\/\/www.mormaii.com.br\/capacetes-mormaii\/\" rel=\"nofollow noopener\" target=\"_blank\"><em>Clique aqui<\/em><\/a><em> e conhe\u00e7a a linha de equipamentos Cordillera.<\/em><\/p>\n","protected":false},"excerpt":{"rendered":"<p>Rafael Barata realizou uma travessia incr\u00edvel na companhia da filha Maria Clara, percorrendo quase 10 mil quil\u00f4metros de moto por alguns dos lugares mais fascinantes da Am\u00e9rica do Sul. Uma aventura inesquec\u00edvel que ele fez a gentileza de narrar, com detalhes,&nbsp;no texto abaixo. &#8220;Amyr Klink, sabiamente, disse certa vez que um homem precisa viajar, n\u00e3o [&hellip;]<\/p>\n","protected":false},"author":3,"featured_media":0,"comment_status":"open","ping_status":"open","sticky":false,"template":"","format":"standard","meta":{"_uag_custom_page_level_css":"","_mi_skip_tracking":false,"footnotes":""},"categories":[914],"tags":[],"class_list":["post-2386","post","type-post","status-publish","format-standard","hentry","category-mormaii"],"acf":[],"uagb_featured_image_src":{"full":false,"thumbnail":false,"medium":false,"medium_large":false,"large":false,"1536x1536":false,"2048x2048":false,"qi_addons_for_elementor_image_size_square":false,"qi_addons_for_elementor_image_size_landscape":false,"qi_addons_for_elementor_image_size_portrait":false,"qi_addons_for_elementor_image_size_huge-square":false},"uagb_author_info":{"display_name":"mormaii_importer","author_link":"https:\/\/www.mormaii.com.br\/site\/author\/mormaii_importer\/"},"uagb_comment_info":0,"uagb_excerpt":"Rafael Barata realizou uma travessia incr\u00edvel na companhia da filha Maria Clara, percorrendo quase 10 mil quil\u00f4metros de moto por alguns dos lugares mais fascinantes da Am\u00e9rica do Sul. Uma aventura inesquec\u00edvel que ele fez a gentileza de narrar, com detalhes,&nbsp;no texto abaixo. &#8220;Amyr Klink, sabiamente, disse certa vez que um homem precisa viajar, n\u00e3o&hellip;","_links":{"self":[{"href":"https:\/\/www.mormaii.com.br\/site\/wp-json\/wp\/v2\/posts\/2386"}],"collection":[{"href":"https:\/\/www.mormaii.com.br\/site\/wp-json\/wp\/v2\/posts"}],"about":[{"href":"https:\/\/www.mormaii.com.br\/site\/wp-json\/wp\/v2\/types\/post"}],"author":[{"embeddable":true,"href":"https:\/\/www.mormaii.com.br\/site\/wp-json\/wp\/v2\/users\/3"}],"replies":[{"embeddable":true,"href":"https:\/\/www.mormaii.com.br\/site\/wp-json\/wp\/v2\/comments?post=2386"}],"version-history":[{"count":1,"href":"https:\/\/www.mormaii.com.br\/site\/wp-json\/wp\/v2\/posts\/2386\/revisions"}],"predecessor-version":[{"id":57087,"href":"https:\/\/www.mormaii.com.br\/site\/wp-json\/wp\/v2\/posts\/2386\/revisions\/57087"}],"wp:attachment":[{"href":"https:\/\/www.mormaii.com.br\/site\/wp-json\/wp\/v2\/media?parent=2386"}],"wp:term":[{"taxonomy":"category","embeddable":true,"href":"https:\/\/www.mormaii.com.br\/site\/wp-json\/wp\/v2\/categories?post=2386"},{"taxonomy":"post_tag","embeddable":true,"href":"https:\/\/www.mormaii.com.br\/site\/wp-json\/wp\/v2\/tags?post=2386"}],"curies":[{"name":"wp","href":"https:\/\/api.w.org\/{rel}","templated":true}]}}