{"id":2392,"date":"2016-04-04T13:33:38","date_gmt":"2016-04-04T13:33:38","guid":{"rendered":"http:\/\/www.mormaii.com.br\/site\/?p=2392"},"modified":"2022-06-10T10:34:11","modified_gmt":"2022-06-10T13:34:11","slug":"noticiasfinal-de-semana-com-muito-surf","status":"publish","type":"post","link":"https:\/\/www.mormaii.com.br\/site\/noticiasfinal-de-semana-com-muito-surf\/","title":{"rendered":"Final de semana com muito surf"},"content":{"rendered":"<p>A <a href=\"http:\/\/www.mormaii.com.br\/previsao-de-ondas\" rel=\"nofollow noopener\" target=\"_blank\" style=\"background-color: rgb(255, 255, 255);\">Previs\u00e3o de Ondas Mormaii<\/a> ir\u00e1 lhe ajudar a escolher o lugar certo para aproveitar ao m\u00e1ximo o final de&nbsp;semana.<\/p>\n<p class=\"p1\">Os pr\u00f3ximos dias prometem \u00f3timas condi\u00e7\u00f5es, t\u00edpicas do m\u00eas de fevereiro, nos litorais sul e sudeste do pa\u00eds.<\/p>\n<p class=\"p1\">Uma surpresa ainda melhor&nbsp;espera a galera que est\u00e1 localizada entre Rio e S\u00e3o Paulo, um swell com per\u00edodo de 18 segundos que promete condi\u00e7\u00f5es cl\u00e1ssicas para a regi\u00e3o.<\/p>\n<p class=\"p1\">Abaixo, voc\u00ea confere um v\u00eddeo irado com altas ondas no&nbsp;litoral catarinense&nbsp;pra inspirar sua queda.<\/p>\n<p class=\"p1\">N\u00e3o esque\u00e7a, confira a <a href=\"http:\/\/www.mormaii.com.br\/previsao-de-ondas\" rel=\"nofollow noopener\" target=\"_blank\">Previs\u00e3o&nbsp;Mormaii<\/a> e fique por dentro das ondas da sua regi\u00e3o.<\/p>\n<p class=\"p1\"><\/p>\n<p><iframe loading=\"lazy\" width=\"840\" height=\"473\" src=\"https:\/\/www.youtube.com\/embed\/ltRDPqCqiFU?rel=0&amp;showinfo=0\" frameborder=\"0\" allowfullscreen=\"\"><\/iframe><\/p>\n<p class=\"p1\">[Foto: James Thisted \/\/ Surfista: Joaco Juarez]<\/p>\n","protected":false},"excerpt":{"rendered":"<p>A Previs\u00e3o de Ondas Mormaii ir\u00e1 lhe ajudar a escolher o lugar certo para aproveitar ao m\u00e1ximo o final de&nbsp;semana. Os pr\u00f3ximos dias prometem \u00f3timas condi\u00e7\u00f5es, t\u00edpicas do m\u00eas de fevereiro, nos litorais sul e sudeste do pa\u00eds. Uma surpresa ainda melhor&nbsp;espera a galera que est\u00e1 localizada entre Rio e S\u00e3o Paulo, um swell com [&hellip;]<\/p>\n","protected":false},"author":3,"featured_media":0,"comment_status":"open","ping_status":"open","sticky":false,"template":"","format":"standard","meta":{"_uag_custom_page_level_css":"","_mi_skip_tracking":false,"footnotes":""},"categories":[914],"tags":[],"class_list":["post-2392","post","type-post","status-publish","format-standard","hentry","category-mormaii"],"acf":[],"uagb_featured_image_src":{"full":false,"thumbnail":false,"medium":false,"medium_large":false,"large":false,"1536x1536":false,"2048x2048":false,"qi_addons_for_elementor_image_size_square":false,"qi_addons_for_elementor_image_size_landscape":false,"qi_addons_for_elementor_image_size_portrait":false,"qi_addons_for_elementor_image_size_huge-square":false},"uagb_author_info":{"display_name":"mormaii_importer","author_link":"https:\/\/www.mormaii.com.br\/site\/author\/mormaii_importer\/"},"uagb_comment_info":0,"uagb_excerpt":"A Previs\u00e3o de Ondas Mormaii ir\u00e1 lhe ajudar a escolher o lugar certo para aproveitar ao m\u00e1ximo o final de&nbsp;semana. Os pr\u00f3ximos dias prometem \u00f3timas condi\u00e7\u00f5es, t\u00edpicas do m\u00eas de fevereiro, nos litorais sul e sudeste do pa\u00eds. Uma surpresa ainda melhor&nbsp;espera a galera que est\u00e1 localizada entre Rio e S\u00e3o Paulo, um swell com&hellip;","_links":{"self":[{"href":"https:\/\/www.mormaii.com.br\/site\/wp-json\/wp\/v2\/posts\/2392"}],"collection":[{"href":"https:\/\/www.mormaii.com.br\/site\/wp-json\/wp\/v2\/posts"}],"about":[{"href":"https:\/\/www.mormaii.com.br\/site\/wp-json\/wp\/v2\/types\/post"}],"author":[{"embeddable":true,"href":"https:\/\/www.mormaii.com.br\/site\/wp-json\/wp\/v2\/users\/3"}],"replies":[{"embeddable":true,"href":"https:\/\/www.mormaii.com.br\/site\/wp-json\/wp\/v2\/comments?post=2392"}],"version-history":[{"count":1,"href":"https:\/\/www.mormaii.com.br\/site\/wp-json\/wp\/v2\/posts\/2392\/revisions"}],"predecessor-version":[{"id":57541,"href":"https:\/\/www.mormaii.com.br\/site\/wp-json\/wp\/v2\/posts\/2392\/revisions\/57541"}],"wp:attachment":[{"href":"https:\/\/www.mormaii.com.br\/site\/wp-json\/wp\/v2\/media?parent=2392"}],"wp:term":[{"taxonomy":"category","embeddable":true,"href":"https:\/\/www.mormaii.com.br\/site\/wp-json\/wp\/v2\/categories?post=2392"},{"taxonomy":"post_tag","embeddable":true,"href":"https:\/\/www.mormaii.com.br\/site\/wp-json\/wp\/v2\/tags?post=2392"}],"curies":[{"name":"wp","href":"https:\/\/api.w.org\/{rel}","templated":true}]}}