{"id":24388,"date":"2020-12-22T15:38:53","date_gmt":"2020-12-22T18:38:53","guid":{"rendered":"https:\/\/www.mormaii.com.br\/site\/?p=24388"},"modified":"2022-06-10T10:30:56","modified_gmt":"2022-06-10T13:30:56","slug":"integridade-nao-tem-bandeiras","status":"publish","type":"post","link":"https:\/\/www.mormaii.com.br\/site\/integridade-nao-tem-bandeiras\/","title":{"rendered":"Integridade n\u00e3o tem bandeiras"},"content":{"rendered":"<div id=\"attachment_12168\" style=\"width: 720px\" class=\"wp-caption alignnone\"><img loading=\"lazy\" decoding=\"async\" aria-describedby=\"caption-attachment-12168\" class=\"wp-image-12168 size-large\" src=\"https:\/\/www.mormaii.com.br\/site\/wp-content\/uploads\/2020\/04\/saude-que-vem-do-mar-sebastian-rojas-_-4-1024x661.jpg\" alt=\"\" width=\"710\" height=\"458\" srcset=\"https:\/\/www.mormaii.com.br\/site\/wp-content\/uploads\/2020\/04\/saude-que-vem-do-mar-sebastian-rojas-_-4-1024x661.jpg 1024w, https:\/\/www.mormaii.com.br\/site\/wp-content\/uploads\/2020\/04\/saude-que-vem-do-mar-sebastian-rojas-_-4-300x194.jpg 300w, https:\/\/www.mormaii.com.br\/site\/wp-content\/uploads\/2020\/04\/saude-que-vem-do-mar-sebastian-rojas-_-4-768x496.jpg 768w\" sizes=\"(max-width: 710px) 100vw, 710px\" \/><p id=\"caption-attachment-12168\" class=\"wp-caption-text\">Foto: Sebastian Rojas<\/p><\/div>\n<h3>Integridade n\u00e3o tem bandeiras<\/h3>\n<p><strong>Por Dr. Morongo<\/strong><\/p>\n<p>Como seria um mundo sem bandeiras e livre de dogmas, ideologias? Como seria o mundo se n\u00f3s seres humanos exercit\u00e1ssemos verdadeiramente nossa liberdade fundamental com \u00e9tica, integridade e responsabilidade? Essas s\u00e3o perguntas que tenho feito e refletido ao longo dos meus 71 anos de vida. Tenho acompanhado muitos processos de transforma\u00e7\u00f5es pol\u00edticas, sociais, econ\u00f4micas, relacionais e a todo momento sou convidado a olhar a condi\u00e7\u00e3o humana de forma realista. Olhar as coisas de forma realista \u00e9 n\u00e3o estar condenado \u00e0s vis\u00f5es extremas do pessimismo e otimismo. Entre os extremos h\u00e1 um universo de possibilidades e infinitas nuances como parte da experi\u00eancia humana. \u00c9 desenvolver habilidades de observar padr\u00f5es existentes no comportamento humano e trabalhar com eles. \u00c9 ter em cada ato a uni\u00e3o entre a a\u00e7\u00e3o com inten\u00e7\u00e3o sobre aquilo que \u00e9 feito, estabelecendo uma motiva\u00e7\u00e3o de que tudo fique bem para todos. \u00c9 agir com coragem, e ter autenticidade de resgatar o poder que nos \u00e9 dado por natureza: o poder das escolhas.<br \/>\nAo observar a experi\u00eancia humana, reflito que quanto mais liberdade temos mais responsabilidades naturalmente nos \u00e9 solicitada. Somos seres relacionais, e, portanto, fazemos parte de uma teia infinita de rela\u00e7\u00f5es vis\u00edveis e invis\u00edveis. Este ano foi um ano at\u00edpico, onde nos deparamos com muitos desafios em v\u00e1rios n\u00edveis. Quando reflito sobre o que est\u00e1 acontecendo conosco como humanidade, n\u00e3o posso deixar de observar que em nossa biografia j\u00e1 vivemos diversos per\u00edodos de \u201clockdown cultural\u201d. De acordo com Franz Boas e Bronislaw Malinowski, podemos dizer que cultura abrange todas as manifesta\u00e7\u00f5es de h\u00e1bitos sociais de uma comunidade. Muitos foram esses momentos que n\u00f3s como humanidade nos vimos restritos e controlados nas chamadas \u201cA era das trevas\u201d.<br \/>\nA vida como m\u00e9dico e empres\u00e1rio me trouxe ferramentas de observa\u00e7\u00e3o da complexidade da mente e do comportamento humano. Tenho percebido que as coisas s\u00e3o c\u00edclicas e, portanto, se repetem contendo novos personagens, novos atores, novos cen\u00e1rios, por\u00e9m as mesmas estruturas e padr\u00f5es repetitivos. Essa repeti\u00e7\u00e3o nos convida a estarmos mais conscientes e atentos, para n\u00e3o sermos manipulados para certa dire\u00e7\u00e3o apenas porque \u00e9 para l\u00e1 que todos est\u00e3o indo. Precisamos resgatar nossa integridade e nosso poder de escolha e discernimento. Contudo, para isso, \u00e9 essencial ter sabedoria e coragem. Tenho refletido de que as bandeiras ideol\u00f3gicas que carregamos acabam por tornar-se nossas pr\u00f3prias pris\u00f5es. Hoje, muito mais do que h\u00e1 anos atr\u00e1s, h\u00e1 infinitas bandeiras, dogmas e tudo deve ser conforme isso ou aquilo e ser politicamente correto, caso contr\u00e1rio, somos punidos. H\u00e1 um mundo de espontaneidade que se rompe na medida em que eu deixo de me relacionar com o ser e passo a me relacionar com esses referenciais. Este ano foi um ano at\u00edpico para todos n\u00f3s, onde nossa \u201clockid\u00e3o\u201d ficou exposta. N\u00f3s, como seres relacionais, que naturalmente somos, n\u00e3o pudemos exercitar nosso bem maior. Nossa liberdade foi tolhida, nossos recursos ficaram escassos, e o reflexo foi estresse, ansiedade e medo. Todos esses elementos nos fragilizaram como seres individuais e como humanidade. Nesse sentido, isso me faz lembrar dos livros de hist\u00f3ria que relatam um pouco sobre a Idade M\u00e9dia. Esse foi um per\u00edodo de profundo sofrimento, em que t\u00ednhamos pouca possibilidade sobre o exerc\u00edcio de nossa liberdade fundamental. Muitas das fraquezas humanas foram aproveitadas pela igreja Cat\u00f3lica Romana implantando a Inquisi\u00e7\u00e3o. Quem era contra a doutrina era taxado como herege. Caso fossem propriet\u00e1rios de bens ou valores que interessavam \u00e0 igreja ou a autoridades ligadas a igreja, eram perseguidos e, caso n\u00e3o concordassem com os dogmas e n\u00e3o cedessem os seus bens eram queimados em fogueiras. Para escapar da Inquisi\u00e7\u00e3o muitos fugiram para o &#8220;novo mundo&#8221;.<br \/>\nSer\u00e1 que teremos que \u201cfugir para o novo mundo\u201d? Que novo mundo seria esse? Ou ser\u00e1 que teremos que descobrir que o novo mundo j\u00e1 est\u00e1 aqui, basta termos coragem de ver e viv\u00ea-lo?<br \/>\nTamb\u00e9m trago a reflex\u00e3o de que esse mesmo aproveitamento da sensibilidade e fragilidade humana, seja psicol\u00f3gica \/ social \/econ\u00f4mica e etc, se repetiu ap\u00f3s a derrota da Alemanha na Primeira Grande Guerra Mundial. Seres humanos deprimidos, humilhados, sofrendo tremenda crise econ\u00f4mica, s\u00e3o mais suscet\u00edveis. Foi o caso dos alem\u00e3es j\u00e1 fragilizados que foram facilmente manipulados por um l\u00edder esperto que usou dessa fragilidade para manipular as massas para seguir sua ideologia. Os padr\u00f5es e as hist\u00f3rias se repetem. Os povos mais primitivos pilhavam em nome da sobreviv\u00eancia e mais adiante esta barb\u00e1rie foi praticada em nome da Gl\u00f3ria, depois em nome do Imp\u00e9rio, depois em nome de Deus, depois em nome da Ra\u00e7a, e hoje, neste multiverso de informa\u00e7\u00f5es e padr\u00f5es, muitos r\u00f3tulos s\u00e3o utilizados para a aplica\u00e7\u00e3o da mesma f\u00f3rmula.<br \/>\nAp\u00f3s a inquisi\u00e7\u00e3o tivemos o Iluminismo, ap\u00f3s a Segunda Grande Guerra Mundial tivemos um espetacular crescimento cient\u00edfico e uma paz nunca vista na Europa.<br \/>\nMe parece que estamos constantemente buscando por um equil\u00edbrio de for\u00e7as dentro desse universo aparentemente dual. \u00c9 como uma dan\u00e7a das polaridades onde se chocam, se tocam, se distanciam e se aproximam. Nesse universo complexo da experi\u00eancia humana em que os padr\u00f5es se repetem e hoje, as centenas de bandeiras s\u00e3o hasteadas, precisamos estar ligados para n\u00e3o sermos mais um em meio a massa de manobras. O novo mundo chegou, ele \u00e9 o agora. Sempre que uma era de trevas surge, a luz contida na pr\u00f3pria experi\u00eancia se manifesta. O que ser\u00e1 que nos espera depois desta &#8220;lockid\u00e3o&#8221; (lockdown) turbinada pelo v\u00edrus corona? Os astros anunciam que teremos um belo per\u00edodo de Paz e Harmonia. Talvez esse seja o novo mundo despontando, mas isso depende de cada um de n\u00f3s. N\u00e3o sejamos massa de manobra e que possamos resgatar nossa liberdade fundamental. Integridade n\u00e3o tem bandeiras.<\/p>\n","protected":false},"excerpt":{"rendered":"<p>Integridade n\u00e3o tem bandeiras Por Dr. Morongo Como seria um mundo sem bandeiras e livre de dogmas, ideologias? Como seria o mundo se n\u00f3s seres humanos exercit\u00e1ssemos verdadeiramente nossa liberdade fundamental com \u00e9tica, integridade e responsabilidade? Essas s\u00e3o perguntas que tenho feito e refletido ao longo dos meus 71 anos de vida. Tenho acompanhado muitos [&hellip;]<\/p>\n","protected":false},"author":5,"featured_media":12168,"comment_status":"closed","ping_status":"closed","sticky":false,"template":"","format":"standard","meta":{"_uag_custom_page_level_css":"","_mi_skip_tracking":false,"footnotes":""},"categories":[914],"tags":[],"class_list":["post-24388","post","type-post","status-publish","format-standard","has-post-thumbnail","hentry","category-mormaii"],"acf":[],"uagb_featured_image_src":{"full":["https:\/\/www.mormaii.com.br\/site\/wp-content\/uploads\/2020\/04\/saude-que-vem-do-mar-sebastian-rojas-_-4.jpg",4402,2841,false],"thumbnail":["https:\/\/www.mormaii.com.br\/site\/wp-content\/uploads\/2020\/04\/saude-que-vem-do-mar-sebastian-rojas-_-4-150x150.jpg",150,150,true],"medium":["https:\/\/www.mormaii.com.br\/site\/wp-content\/uploads\/2020\/04\/saude-que-vem-do-mar-sebastian-rojas-_-4-300x194.jpg",300,194,true],"medium_large":["https:\/\/www.mormaii.com.br\/site\/wp-content\/uploads\/2020\/04\/saude-que-vem-do-mar-sebastian-rojas-_-4-768x496.jpg",768,496,true],"large":["https:\/\/www.mormaii.com.br\/site\/wp-content\/uploads\/2020\/04\/saude-que-vem-do-mar-sebastian-rojas-_-4-1024x661.jpg",1024,661,true],"1536x1536":["https:\/\/www.mormaii.com.br\/site\/wp-content\/uploads\/2020\/04\/saude-que-vem-do-mar-sebastian-rojas-_-4.jpg",1536,991,false],"2048x2048":["https:\/\/www.mormaii.com.br\/site\/wp-content\/uploads\/2020\/04\/saude-que-vem-do-mar-sebastian-rojas-_-4.jpg",2048,1322,false],"qi_addons_for_elementor_image_size_square":["https:\/\/www.mormaii.com.br\/site\/wp-content\/uploads\/2020\/04\/saude-que-vem-do-mar-sebastian-rojas-_-4.jpg",650,420,false],"qi_addons_for_elementor_image_size_landscape":["https:\/\/www.mormaii.com.br\/site\/wp-content\/uploads\/2020\/04\/saude-que-vem-do-mar-sebastian-rojas-_-4.jpg",1007,650,false],"qi_addons_for_elementor_image_size_portrait":["https:\/\/www.mormaii.com.br\/site\/wp-content\/uploads\/2020\/04\/saude-que-vem-do-mar-sebastian-rojas-_-4.jpg",650,420,false],"qi_addons_for_elementor_image_size_huge-square":["https:\/\/www.mormaii.com.br\/site\/wp-content\/uploads\/2020\/04\/saude-que-vem-do-mar-sebastian-rojas-_-4.jpg",1300,839,false]},"uagb_author_info":{"display_name":"Tissot","author_link":"https:\/\/www.mormaii.com.br\/site\/author\/fabiano\/"},"uagb_comment_info":0,"uagb_excerpt":"Integridade n\u00e3o tem bandeiras Por Dr. Morongo Como seria um mundo sem bandeiras e livre de dogmas, ideologias? Como seria o mundo se n\u00f3s seres humanos exercit\u00e1ssemos verdadeiramente nossa liberdade fundamental com \u00e9tica, integridade e responsabilidade? Essas s\u00e3o perguntas que tenho feito e refletido ao longo dos meus 71 anos de vida. Tenho acompanhado muitos&hellip;","_links":{"self":[{"href":"https:\/\/www.mormaii.com.br\/site\/wp-json\/wp\/v2\/posts\/24388"}],"collection":[{"href":"https:\/\/www.mormaii.com.br\/site\/wp-json\/wp\/v2\/posts"}],"about":[{"href":"https:\/\/www.mormaii.com.br\/site\/wp-json\/wp\/v2\/types\/post"}],"author":[{"embeddable":true,"href":"https:\/\/www.mormaii.com.br\/site\/wp-json\/wp\/v2\/users\/5"}],"replies":[{"embeddable":true,"href":"https:\/\/www.mormaii.com.br\/site\/wp-json\/wp\/v2\/comments?post=24388"}],"version-history":[{"count":2,"href":"https:\/\/www.mormaii.com.br\/site\/wp-json\/wp\/v2\/posts\/24388\/revisions"}],"predecessor-version":[{"id":24426,"href":"https:\/\/www.mormaii.com.br\/site\/wp-json\/wp\/v2\/posts\/24388\/revisions\/24426"}],"wp:featuredmedia":[{"embeddable":true,"href":"https:\/\/www.mormaii.com.br\/site\/wp-json\/wp\/v2\/media\/12168"}],"wp:attachment":[{"href":"https:\/\/www.mormaii.com.br\/site\/wp-json\/wp\/v2\/media?parent=24388"}],"wp:term":[{"taxonomy":"category","embeddable":true,"href":"https:\/\/www.mormaii.com.br\/site\/wp-json\/wp\/v2\/categories?post=24388"},{"taxonomy":"post_tag","embeddable":true,"href":"https:\/\/www.mormaii.com.br\/site\/wp-json\/wp\/v2\/tags?post=24388"}],"curies":[{"name":"wp","href":"https:\/\/api.w.org\/{rel}","templated":true}]}}