{"id":2456,"date":"2016-04-04T13:33:38","date_gmt":"2016-04-04T13:33:38","guid":{"rendered":"http:\/\/www.mormaii.com.br\/site\/?p=2456"},"modified":"2022-06-10T10:50:52","modified_gmt":"2022-06-10T13:50:52","slug":"noticiasandre-barbieri-cada-vez-mais-perto-do-rio-2016","status":"publish","type":"post","link":"https:\/\/www.mormaii.com.br\/site\/noticiasandre-barbieri-cada-vez-mais-perto-do-rio-2016\/","title":{"rendered":"Andr\u00e9 Barbieri cada vez mais perto do Rio 2016"},"content":{"rendered":"<p>Aconteceu em Sarasota, Fl\u00f3rida, no \u00faltimo domingo, o Campeonato Pan Americano de Paratriathlon, competi\u00e7\u00e3o com maior n\u00famero de pontos para a corrida ol\u00edmpica.<\/p>\n<p>O esporte estreia nos Jogos do Rio 2016 e o Brasil tem chances de medalhas nas diversas categorias.<\/p>\n<p>Andr\u00e9 Barbieri, atleta da equipe Mormaii,&nbsp;finalizou a prova na 3\u00aa coloca\u00e7\u00e3o e fez a gentileza de contar tudo que rolou nesse dia emocionante.<\/p>\n<p><img decoding=\"async\" class=\"fr-fin\" alt=\"Image title\" src=\"https:\/\/s3-sa-east-1.amazonaws.com\/cdnmormaii\/uploads\/postImages\/new\/andremormaii.jpg\" width=\"Equipe de campe\u00f5es0\"><\/p>\n<p>\u201cCaros leitores, trago boas not\u00edcias da primeira prova do ano, nessa que \u00e9 a temporada mais importante de minha vida pois vai definir se classificarei ou n\u00e3o para as Paralimp\u00edadas.&nbsp;<\/p>\n<p>O Pan fornece mais pontos do que uma prova mundial normal, pois \u00e9 a &#8220;copa continental&#8221; de nosso esporte, e fiquei feliz de ter acabado em 3\u00ba lugar.&nbsp;<\/p>\n<p>Foi uma manh\u00e3 linda de sol e, excepcionalmente, sem vento, pois todos os dias o vento aperta e incomoda na nata\u00e7\u00e3o e na bike.&nbsp;<\/p>\n<p>A prova foi plana e r\u00e1pida, fiquei &#8220;colado&#8221; no 1\u00ba lugar a maior parte do tempo.&nbsp;<\/p>\n<p>Embora tenha melhorado minha corrida, foi ali que aconteceu a diferen\u00e7a e meu advers\u00e1rio chegou 5 minutos na minha frente.<\/p>\n<p>Nos \u00faltimos 50 metros, j\u00e1 visualizando o 2\u00ba lugar e o arco da linha de chegada, o atleta que estava em 3\u00ba lugar veio com tudo, correndo por sua vida.&nbsp;<\/p>\n<p>Batalhei e dei&nbsp;tudo que eu tinha, lado a lado com ele, mas n\u00e3o consegui superar sua velocidade.&nbsp;<\/p>\n<p>Tive que me contentar com o 3\u00ba lugar, e fiquei bem frustrado no come\u00e7o.&nbsp;<\/p>\n<p>Mas logo passou, especialmente pensando em 2 atletas, rivais e amigos, que nem puderam vir: Levi caiu de bike e quebrou a clav\u00edcula dois dias antes da prova.&nbsp;<\/p>\n<p>Fabiano estava no avi\u00e3o prestes a decolar em SP, quando o temporal estragou as luzes da pista de decolagem.&nbsp;<\/p>\n<p>Ele perdeu seu v\u00f4o e tamb\u00e9m as chances de uma conex\u00e3o que o trouxesse h\u00e1 tempo pra prova.&nbsp;<\/p>\n<p>Esses dois fatos s\u00e3o muito mais frustrantes que um 3\u00ba lugar.&nbsp;<\/p>\n<p>A batalha pra classifica\u00e7\u00e3o paral\u00edmpica acaba no final de julho, sendo que nossa prova no Rio ser\u00e1 em setembro.<\/p>\n<p>Comecei o ano na 14\u00aa posi\u00e7\u00e3o mundial e, com este resultado, devo melhorar minha situa\u00e7\u00e3o.&nbsp;<\/p>\n<p>Apenas 10 pessoas ir\u00e3o estar na lista de largada da minha categoria, ao menos que algo mude, e \u00e9 nisso que tenho que focar agora.<\/p>\n<p>Nas pr\u00f3ximas semanas e meses vou competir pelo mundo todo, sempre na batalha para classificar pro Rio em setembro.&nbsp;<\/p>\n<p>Manterei voc\u00eas atualizados pois domingo j\u00e1 tenho prova na \u00c1frica do Sul!&nbsp;<\/p>\n<p>Muito obrigado pelo prest\u00edgio de acompanharem a minha trajet\u00f3ria.<\/p>\n<p>Obrigado a todos os patrocinadores que fazem isso poss\u00edvel, especialmente ao Team PossAbilities, Quest Diagnostics, Confedera\u00e7\u00e3o Brasileira de Triathlon e a Mormaii.&nbsp;<\/p>\n<p>Obrigado tamb\u00e9m \u00e0 Karina que veio junto pra essa prova.<\/p>\n<p>[Fotos: Arquivo Pessoal]<\/p>\n","protected":false},"excerpt":{"rendered":"<p>Aconteceu em Sarasota, Fl\u00f3rida, no \u00faltimo domingo, o Campeonato Pan Americano de Paratriathlon, competi\u00e7\u00e3o com maior n\u00famero de pontos para a corrida ol\u00edmpica. O esporte estreia nos Jogos do Rio 2016 e o Brasil tem chances de medalhas nas diversas categorias. Andr\u00e9 Barbieri, atleta da equipe Mormaii,&nbsp;finalizou a prova na 3\u00aa coloca\u00e7\u00e3o e fez a [&hellip;]<\/p>\n","protected":false},"author":3,"featured_media":0,"comment_status":"open","ping_status":"open","sticky":false,"template":"","format":"standard","meta":{"_uag_custom_page_level_css":"","_mi_skip_tracking":false,"footnotes":""},"categories":[914],"tags":[],"class_list":["post-2456","post","type-post","status-publish","format-standard","hentry","category-mormaii"],"acf":[],"uagb_featured_image_src":{"full":false,"thumbnail":false,"medium":false,"medium_large":false,"large":false,"1536x1536":false,"2048x2048":false,"qi_addons_for_elementor_image_size_square":false,"qi_addons_for_elementor_image_size_landscape":false,"qi_addons_for_elementor_image_size_portrait":false,"qi_addons_for_elementor_image_size_huge-square":false},"uagb_author_info":{"display_name":"mormaii_importer","author_link":"https:\/\/www.mormaii.com.br\/site\/author\/mormaii_importer\/"},"uagb_comment_info":0,"uagb_excerpt":"Aconteceu em Sarasota, Fl\u00f3rida, no \u00faltimo domingo, o Campeonato Pan Americano de Paratriathlon, competi\u00e7\u00e3o com maior n\u00famero de pontos para a corrida ol\u00edmpica. O esporte estreia nos Jogos do Rio 2016 e o Brasil tem chances de medalhas nas diversas categorias. Andr\u00e9 Barbieri, atleta da equipe Mormaii,&nbsp;finalizou a prova na 3\u00aa coloca\u00e7\u00e3o e fez a&hellip;","_links":{"self":[{"href":"https:\/\/www.mormaii.com.br\/site\/wp-json\/wp\/v2\/posts\/2456"}],"collection":[{"href":"https:\/\/www.mormaii.com.br\/site\/wp-json\/wp\/v2\/posts"}],"about":[{"href":"https:\/\/www.mormaii.com.br\/site\/wp-json\/wp\/v2\/types\/post"}],"author":[{"embeddable":true,"href":"https:\/\/www.mormaii.com.br\/site\/wp-json\/wp\/v2\/users\/3"}],"replies":[{"embeddable":true,"href":"https:\/\/www.mormaii.com.br\/site\/wp-json\/wp\/v2\/comments?post=2456"}],"version-history":[{"count":1,"href":"https:\/\/www.mormaii.com.br\/site\/wp-json\/wp\/v2\/posts\/2456\/revisions"}],"predecessor-version":[{"id":58270,"href":"https:\/\/www.mormaii.com.br\/site\/wp-json\/wp\/v2\/posts\/2456\/revisions\/58270"}],"wp:attachment":[{"href":"https:\/\/www.mormaii.com.br\/site\/wp-json\/wp\/v2\/media?parent=2456"}],"wp:term":[{"taxonomy":"category","embeddable":true,"href":"https:\/\/www.mormaii.com.br\/site\/wp-json\/wp\/v2\/categories?post=2456"},{"taxonomy":"post_tag","embeddable":true,"href":"https:\/\/www.mormaii.com.br\/site\/wp-json\/wp\/v2\/tags?post=2456"}],"curies":[{"name":"wp","href":"https:\/\/api.w.org\/{rel}","templated":true}]}}