{"id":2467,"date":"2016-04-04T13:33:38","date_gmt":"2016-04-04T13:33:38","guid":{"rendered":"http:\/\/www.mormaii.com.br\/site\/?p=2467"},"modified":"2022-06-10T10:52:06","modified_gmt":"2022-06-10T13:52:06","slug":"noticiasa-familia-surf-de-taina-hinckel","status":"publish","type":"post","link":"https:\/\/www.mormaii.com.br\/site\/noticiasa-familia-surf-de-taina-hinckel\/","title":{"rendered":"A fam\u00edlia surf de Tain\u00e1 Hinckel"},"content":{"rendered":"<p><a href=\"http:\/\/www.mormaii.com.br\/atletas\/taina-hinckel\" rel=\"nofollow noopener\" target=\"_blank\">Tain\u00e1 Hinckel<\/a>&nbsp;tem apenas 12 anos de idade, mas uma vida inteira dedicada ao surf.<\/p>\n<p>Assim como o pai Carlos Kxot, shaper e ex-surfista profissional, e o irm\u00e3o&nbsp;Wayan Hinckel, outro grande talento das ondas.<\/p>\n<p>Local da Guarda do Emba\u00fa, em Santa Catarina, Tain\u00e1 j\u00e1 viajou o mundo e conquistou importantes t\u00edtulos nacionais e internacionais.<\/p>\n<p>No v\u00eddeo abaixo, voc\u00ea confere mais detalhes sobre o estilo de vida dessa fam\u00edlia 100% surf, voltada para o conv\u00edvio com o mar e a natureza.<\/p>\n<p><\/p>\n<p><iframe loading=\"lazy\" width=\"840\" height=\"473\" src=\"https:\/\/www.youtube.com\/embed\/9OqnqdgjTW8?rel=0&amp;showinfo=0\" frameborder=\"0\" allowfullscreen=\"\"><\/iframe><\/p>\n<p>[Foto: James Thisted]<\/p>\n","protected":false},"excerpt":{"rendered":"<p>Tain\u00e1 Hinckel&nbsp;tem apenas 12 anos de idade, mas uma vida inteira dedicada ao surf. Assim como o pai Carlos Kxot, shaper e ex-surfista profissional, e o irm\u00e3o&nbsp;Wayan Hinckel, outro grande talento das ondas. Local da Guarda do Emba\u00fa, em Santa Catarina, Tain\u00e1 j\u00e1 viajou o mundo e conquistou importantes t\u00edtulos nacionais e internacionais. No v\u00eddeo [&hellip;]<\/p>\n","protected":false},"author":3,"featured_media":0,"comment_status":"open","ping_status":"open","sticky":false,"template":"","format":"standard","meta":{"_uag_custom_page_level_css":"","_mi_skip_tracking":false,"footnotes":""},"categories":[914],"tags":[],"class_list":["post-2467","post","type-post","status-publish","format-standard","hentry","category-mormaii"],"acf":[],"uagb_featured_image_src":{"full":false,"thumbnail":false,"medium":false,"medium_large":false,"large":false,"1536x1536":false,"2048x2048":false,"qi_addons_for_elementor_image_size_square":false,"qi_addons_for_elementor_image_size_landscape":false,"qi_addons_for_elementor_image_size_portrait":false,"qi_addons_for_elementor_image_size_huge-square":false},"uagb_author_info":{"display_name":"mormaii_importer","author_link":"https:\/\/www.mormaii.com.br\/site\/author\/mormaii_importer\/"},"uagb_comment_info":0,"uagb_excerpt":"Tain\u00e1 Hinckel&nbsp;tem apenas 12 anos de idade, mas uma vida inteira dedicada ao surf. Assim como o pai Carlos Kxot, shaper e ex-surfista profissional, e o irm\u00e3o&nbsp;Wayan Hinckel, outro grande talento das ondas. Local da Guarda do Emba\u00fa, em Santa Catarina, Tain\u00e1 j\u00e1 viajou o mundo e conquistou importantes t\u00edtulos nacionais e internacionais. No v\u00eddeo&hellip;","_links":{"self":[{"href":"https:\/\/www.mormaii.com.br\/site\/wp-json\/wp\/v2\/posts\/2467"}],"collection":[{"href":"https:\/\/www.mormaii.com.br\/site\/wp-json\/wp\/v2\/posts"}],"about":[{"href":"https:\/\/www.mormaii.com.br\/site\/wp-json\/wp\/v2\/types\/post"}],"author":[{"embeddable":true,"href":"https:\/\/www.mormaii.com.br\/site\/wp-json\/wp\/v2\/users\/3"}],"replies":[{"embeddable":true,"href":"https:\/\/www.mormaii.com.br\/site\/wp-json\/wp\/v2\/comments?post=2467"}],"version-history":[{"count":1,"href":"https:\/\/www.mormaii.com.br\/site\/wp-json\/wp\/v2\/posts\/2467\/revisions"}],"predecessor-version":[{"id":58332,"href":"https:\/\/www.mormaii.com.br\/site\/wp-json\/wp\/v2\/posts\/2467\/revisions\/58332"}],"wp:attachment":[{"href":"https:\/\/www.mormaii.com.br\/site\/wp-json\/wp\/v2\/media?parent=2467"}],"wp:term":[{"taxonomy":"category","embeddable":true,"href":"https:\/\/www.mormaii.com.br\/site\/wp-json\/wp\/v2\/categories?post=2467"},{"taxonomy":"post_tag","embeddable":true,"href":"https:\/\/www.mormaii.com.br\/site\/wp-json\/wp\/v2\/tags?post=2467"}],"curies":[{"name":"wp","href":"https:\/\/api.w.org\/{rel}","templated":true}]}}