{"id":2473,"date":"2016-04-04T13:33:38","date_gmt":"2016-04-04T13:33:38","guid":{"rendered":"http:\/\/www.mormaii.com.br\/site\/?p=2473"},"modified":"2022-06-10T10:34:44","modified_gmt":"2022-06-10T13:34:44","slug":"noticiasfamilia-nalu-no-taiti","status":"publish","type":"post","link":"https:\/\/www.mormaii.com.br\/site\/noticiasfamilia-nalu-no-taiti\/","title":{"rendered":"Fam\u00edlia Nalu no Taiti"},"content":{"rendered":"<p>Depois de encarar uma das maiores aventuras de suas vidas, a Fam\u00edlia Nalu retorna ao Brasil com muitas hist\u00f3rias pra contar.<\/p>\n<p class=\"p1\">O surfista <a href=\"http:\/\/www.mormaii.com.br\/atletas\/everaldo-pato-teixeira\" rel=\"nofollow noopener\" target=\"_blank\">Everaldo&nbsp;Pato Teixeira<\/a>, sua esposa Fabiana Nigol&nbsp;e a filha Isabelle Nalu&nbsp;viveram sete meses navegando em um veleiro pelas \u00e1guas cristalinas da Polin\u00e9sia Francesa.&nbsp;<\/p>\n<p class=\"p1\">Essa longa jornada ser\u00e1 compartilhada com todos na pr\u00f3xima temporada do programa \u201cNalu \u00e0&nbsp;Bordo\u201d, que estreia no Canal OFF, em maio de 2016.<\/p>\n<p><img decoding=\"async\" class=\"fr-fin\" alt=\"Image title\" src=\"https:\/\/s3-sa-east-1.amazonaws.com\/cdnmormaii\/uploads\/postImages\/56f96a8ee6f3374b7fc07cb3\/nalumormaii2.jpg\" width=\"840\"><\/p>\n<p class=\"p1\">&#8220;Comemos muito peixe, contemplamos a natureza, vimos o nascer da lua, fomos escoltados por golfinhos e nadamos com tubar\u00f5es\u201d relembra Fabi,&nbsp;produtora do programa.<\/p>\n<p class=\"p1\">O mais interessante da jornada foi a simplicidade na qual se encontraram, longe de computadores ou qualquer tipo de tecnologia&nbsp;e ainda com a miss\u00e3o de lecionar para a Belinha no&nbsp;m\u00e9todo de home school.&nbsp;<\/p>\n<p class=\"p1\">\u201cPara mim, essa foi a realiza\u00e7\u00e3o de um sonho. Velejar com a fam\u00edlia dentro de um barco confort\u00e1vel, pelas ilhas paradis\u00edacas do Pac\u00edfico, buscando novas&nbsp;cultura, e descobrindo ondas, fazendo amigos e vivendo a vida como se o mundo estivesse no s\u00e9culo passado. O mais puro prazer de viver\u201d, afirma Pato.&nbsp;<\/p>\n<p class=\"p1\">Fabi n\u00e3o tem d\u00favidas que essa foi uma temporada inesquec\u00edvel para eles e ser\u00e1 assim para o telespectador. \u201cPermanecemos na mesma casa, por\u00e9m, com um quintal maravilhosos e gigante: o oceano. A Polin\u00e9sia Francesa \u00e9 linda! Muitos tons de azul, uma vida marinha incr\u00edvel e paisagens de tirar o f\u00f4lego\u201d.<\/p>\n<p><img decoding=\"async\" class=\"fr-fin\" alt=\"Image title\" src=\"https:\/\/s3-sa-east-1.amazonaws.com\/cdnmormaii\/uploads\/postImages\/56f96a8ee6f3374b7fc07cb3\/nalumormaii3.jpg\" width=\"840\"><\/p>\n<p class=\"p1\">A fam\u00edlia&nbsp;conheceu in\u00fameras ilhas, das mais remotas at\u00e9 as mais tur\u00edsticas e vai compartilhar com o p\u00fablico paisagens de locais paradis\u00edacos como Tahiti, Moorea, Bora Bora, Huahine, Raitea, Taha.<\/p>\n<p class=\"p1\">Al\u00e9m dos novos cen\u00e1rios, a cinegrafia est\u00e1 ainda mais elaborada, com muitas&nbsp;tomadas a\u00e9reas e aqu\u00e1ticas. \u201cEssa imagens far\u00e3o toda a diferen\u00e7a, tenho certeza que muitos sentir\u00e3o vontade de abandonar tudo e sair pelo mundo a bordo de um veleiro\u201d, conclui Fabi.<\/p>\n<p class=\"p1\">Abaixo, voc\u00ea assiste um v\u00eddeo irado de uma das muitas passagens de Pato por Teahupoo, enquanto aguarda a estreia de Nalu \u00e0 Bordo, no Canal OFF.<\/p>\n<p class=\"p1\"><\/p>\n<p><iframe loading=\"lazy\" src=\"https:\/\/player.vimeo.com\/video\/69189054?title=0&amp;byline=0&amp;portrait=0\" width=\"840\" height=\"472\" frameborder=\"0\" webkitallowfullscreen=\"\" mozallowfullscreen=\"\" allowfullscreen=\"\"><\/iframe><\/p>\n<p>[Fotos: Divulga\u00e7\u00e3o&nbsp;\/\/ Fonte: <a href=\"http:\/\/www.almasurf.com\/news.php?id=7041&amp;pagina=1\" rel=\"nofollow noopener\" target=\"_blank\">Alma Surf<\/a>]<\/p>\n","protected":false},"excerpt":{"rendered":"<p>Depois de encarar uma das maiores aventuras de suas vidas, a Fam\u00edlia Nalu retorna ao Brasil com muitas hist\u00f3rias pra contar. O surfista Everaldo&nbsp;Pato Teixeira, sua esposa Fabiana Nigol&nbsp;e a filha Isabelle Nalu&nbsp;viveram sete meses navegando em um veleiro pelas \u00e1guas cristalinas da Polin\u00e9sia Francesa.&nbsp; Essa longa jornada ser\u00e1 compartilhada com todos na pr\u00f3xima temporada [&hellip;]<\/p>\n","protected":false},"author":3,"featured_media":0,"comment_status":"open","ping_status":"open","sticky":false,"template":"","format":"standard","meta":{"_uag_custom_page_level_css":"","_mi_skip_tracking":false,"footnotes":""},"categories":[914],"tags":[],"class_list":["post-2473","post","type-post","status-publish","format-standard","hentry","category-mormaii"],"acf":[],"uagb_featured_image_src":{"full":false,"thumbnail":false,"medium":false,"medium_large":false,"large":false,"1536x1536":false,"2048x2048":false,"qi_addons_for_elementor_image_size_square":false,"qi_addons_for_elementor_image_size_landscape":false,"qi_addons_for_elementor_image_size_portrait":false,"qi_addons_for_elementor_image_size_huge-square":false},"uagb_author_info":{"display_name":"mormaii_importer","author_link":"https:\/\/www.mormaii.com.br\/site\/author\/mormaii_importer\/"},"uagb_comment_info":0,"uagb_excerpt":"Depois de encarar uma das maiores aventuras de suas vidas, a Fam\u00edlia Nalu retorna ao Brasil com muitas hist\u00f3rias pra contar. O surfista Everaldo&nbsp;Pato Teixeira, sua esposa Fabiana Nigol&nbsp;e a filha Isabelle Nalu&nbsp;viveram sete meses navegando em um veleiro pelas \u00e1guas cristalinas da Polin\u00e9sia Francesa.&nbsp; Essa longa jornada ser\u00e1 compartilhada com todos na pr\u00f3xima temporada&hellip;","_links":{"self":[{"href":"https:\/\/www.mormaii.com.br\/site\/wp-json\/wp\/v2\/posts\/2473"}],"collection":[{"href":"https:\/\/www.mormaii.com.br\/site\/wp-json\/wp\/v2\/posts"}],"about":[{"href":"https:\/\/www.mormaii.com.br\/site\/wp-json\/wp\/v2\/types\/post"}],"author":[{"embeddable":true,"href":"https:\/\/www.mormaii.com.br\/site\/wp-json\/wp\/v2\/users\/3"}],"replies":[{"embeddable":true,"href":"https:\/\/www.mormaii.com.br\/site\/wp-json\/wp\/v2\/comments?post=2473"}],"version-history":[{"count":1,"href":"https:\/\/www.mormaii.com.br\/site\/wp-json\/wp\/v2\/posts\/2473\/revisions"}],"predecessor-version":[{"id":57556,"href":"https:\/\/www.mormaii.com.br\/site\/wp-json\/wp\/v2\/posts\/2473\/revisions\/57556"}],"wp:attachment":[{"href":"https:\/\/www.mormaii.com.br\/site\/wp-json\/wp\/v2\/media?parent=2473"}],"wp:term":[{"taxonomy":"category","embeddable":true,"href":"https:\/\/www.mormaii.com.br\/site\/wp-json\/wp\/v2\/categories?post=2473"},{"taxonomy":"post_tag","embeddable":true,"href":"https:\/\/www.mormaii.com.br\/site\/wp-json\/wp\/v2\/tags?post=2473"}],"curies":[{"name":"wp","href":"https:\/\/api.w.org\/{rel}","templated":true}]}}