{"id":2488,"date":"2016-04-04T13:33:38","date_gmt":"2016-04-04T13:33:38","guid":{"rendered":"http:\/\/www.mormaii.com.br\/site\/?p=2488"},"modified":"2022-06-10T10:49:42","modified_gmt":"2022-06-10T13:49:42","slug":"noticiasblog-saude-or-a-influencia-da-alimentacao-na-saude","status":"publish","type":"post","link":"https:\/\/www.mormaii.com.br\/site\/noticiasblog-saude-or-a-influencia-da-alimentacao-na-saude\/","title":{"rendered":"Blog  Sa\u00fade | A Influ\u00eancia da Alimenta\u00e7\u00e3o na SA\u00daDE"},"content":{"rendered":"<p><\/p>\n<p>O conhecimento da rela\u00e7\u00e3o da alimenta\u00e7\u00e3o com o bem-estar f\u00edsico e o pleno desenvolvimento mental e emocional j\u00e1 existia desde os tempo antigos. <\/p>\n<p>Atualmente, as doen\u00e7as cr\u00f4nicas representam a principal causa de mortalidade e incapacidade no mundo inteiro. Isso \u00e9 reflexo das grandes mudan\u00e7as que v\u00eam ocorrendo no estilo de vida das pessoas, nos h\u00e1bitos alimentares e nos n\u00edveis de atividade f\u00edsica. <\/p>\n<p>A mudan\u00e7a nos h\u00e1bitos alimentares e nos padr\u00f5es dos n\u00edveis de atividade f\u00edsica pode influenciar fortemente v\u00e1rios fatores de risco na popula\u00e7\u00e3o, como por exemplo, obesidade, hipertens\u00e3o arterial, hipercolesterolemia, altera\u00e7\u00e3o nos n\u00edveis de glicose sangu\u00ednea.<\/p>\n<p>Os h\u00e1bitos alimentares de hoje produzem uma s\u00e9rie de desequil\u00edbrios nutricionais: consumo excessivo de gorduras saturadas e trans, alta ingest\u00e3o de s\u00f3dio e baixo consumo de pot\u00e1ssio, consumo excessivo de calorias, diminui\u00e7\u00e3o da ingest\u00e3o de alimentos ricos em carboidratos complexos e em fibras, elevado consumo de a\u00e7\u00facares refinados e defici\u00eancia seletiva de algumas vitaminas e minerais, conjuntamente com o excesso de consumo de bebidas, principalmente bebidas alco\u00f3licas.<\/p>\n<p>Uma alimenta\u00e7\u00e3o rica em frutas e verduras, assim como a pr\u00e1tica de atividades f\u00edsicas di\u00e1rias s\u00e3o fundamentais para a sa\u00fade, ambos os fatores podem controlar e reduzir a press\u00e3o arterial, diminuir o percentual de gordura e at\u00e9 melhorar o metabolismo da glicose.<\/p>\n<p>Diversos mecanismos podem mediar esses efeitos protetores, envolvendo antioxidantes e micronutrientes, como os caroten\u00f3ides, vitamina C, \u00e1cido f\u00f3lico, fibras e subst\u00e2ncias fotoqu\u00edmicas, presentes nos alimentos funcionais. <\/p>\n<p>Os principais componentes desses alimentos que contribuem na preven\u00e7\u00e3o das doen\u00e7as cardiovasculares s\u00e3o as isoflavonas (soja), as lignanas e o \u00f4mega-3 (contidos nas sementes de linha\u00e7a), as beta-glucanas (aveia), a gordura monoinsaturada e os agentes fen\u00f3licos (do azeite de oliva) e o resveratol (oleaginosas, uva e vinho tinto). <\/p>\n<p>Estas e outras subst\u00e2ncias bloqueiam ou suprimem a a\u00e7\u00e3o dos agentes cancer\u00edgenos, e como antioxidantes, evitam danos causados pela oxida\u00e7\u00e3o do DNA. <\/p>\n<p>Segue abaixo alguns exemplos de compostos presentes nos alimentos funcionais e seus respectivos benef\u00edcios \u00e0 sa\u00fade.<\/p>\n<p>fonte [ <a href=\"http:\/\/www.saudeativa.net\/page\/2\/\" rel=\"nofollow noopener\" target=\"_blank\">www.saudeativa.net<\/a> ] <\/p>\n","protected":false},"excerpt":{"rendered":"<p>O conhecimento da rela\u00e7\u00e3o da alimenta\u00e7\u00e3o com o bem-estar f\u00edsico e o pleno desenvolvimento mental e emocional j\u00e1 existia desde os tempo antigos. Atualmente, as doen\u00e7as cr\u00f4nicas representam a principal causa de mortalidade e incapacidade no mundo inteiro. Isso \u00e9 reflexo das grandes mudan\u00e7as que v\u00eam ocorrendo no estilo de vida das pessoas, nos h\u00e1bitos [&hellip;]<\/p>\n","protected":false},"author":3,"featured_media":0,"comment_status":"open","ping_status":"open","sticky":false,"template":"","format":"standard","meta":{"_uag_custom_page_level_css":"","_mi_skip_tracking":false,"footnotes":""},"categories":[914],"tags":[],"class_list":["post-2488","post","type-post","status-publish","format-standard","hentry","category-mormaii"],"acf":[],"uagb_featured_image_src":{"full":false,"thumbnail":false,"medium":false,"medium_large":false,"large":false,"1536x1536":false,"2048x2048":false,"qi_addons_for_elementor_image_size_square":false,"qi_addons_for_elementor_image_size_landscape":false,"qi_addons_for_elementor_image_size_portrait":false,"qi_addons_for_elementor_image_size_huge-square":false},"uagb_author_info":{"display_name":"mormaii_importer","author_link":"https:\/\/www.mormaii.com.br\/site\/author\/mormaii_importer\/"},"uagb_comment_info":1,"uagb_excerpt":"O conhecimento da rela\u00e7\u00e3o da alimenta\u00e7\u00e3o com o bem-estar f\u00edsico e o pleno desenvolvimento mental e emocional j\u00e1 existia desde os tempo antigos. Atualmente, as doen\u00e7as cr\u00f4nicas representam a principal causa de mortalidade e incapacidade no mundo inteiro. Isso \u00e9 reflexo das grandes mudan\u00e7as que v\u00eam ocorrendo no estilo de vida das pessoas, nos h\u00e1bitos&hellip;","_links":{"self":[{"href":"https:\/\/www.mormaii.com.br\/site\/wp-json\/wp\/v2\/posts\/2488"}],"collection":[{"href":"https:\/\/www.mormaii.com.br\/site\/wp-json\/wp\/v2\/posts"}],"about":[{"href":"https:\/\/www.mormaii.com.br\/site\/wp-json\/wp\/v2\/types\/post"}],"author":[{"embeddable":true,"href":"https:\/\/www.mormaii.com.br\/site\/wp-json\/wp\/v2\/users\/3"}],"replies":[{"embeddable":true,"href":"https:\/\/www.mormaii.com.br\/site\/wp-json\/wp\/v2\/comments?post=2488"}],"version-history":[{"count":1,"href":"https:\/\/www.mormaii.com.br\/site\/wp-json\/wp\/v2\/posts\/2488\/revisions"}],"predecessor-version":[{"id":58222,"href":"https:\/\/www.mormaii.com.br\/site\/wp-json\/wp\/v2\/posts\/2488\/revisions\/58222"}],"wp:attachment":[{"href":"https:\/\/www.mormaii.com.br\/site\/wp-json\/wp\/v2\/media?parent=2488"}],"wp:term":[{"taxonomy":"category","embeddable":true,"href":"https:\/\/www.mormaii.com.br\/site\/wp-json\/wp\/v2\/categories?post=2488"},{"taxonomy":"post_tag","embeddable":true,"href":"https:\/\/www.mormaii.com.br\/site\/wp-json\/wp\/v2\/tags?post=2488"}],"curies":[{"name":"wp","href":"https:\/\/api.w.org\/{rel}","templated":true}]}}