{"id":2502,"date":"2016-04-04T13:33:38","date_gmt":"2016-04-04T13:33:38","guid":{"rendered":"http:\/\/www.mormaii.com.br\/site\/?p=2502"},"modified":"2022-06-10T10:18:53","modified_gmt":"2022-06-10T13:18:53","slug":"noticiasprevisao-de-ondulacao-oceanica-no-grafico","status":"publish","type":"post","link":"https:\/\/www.mormaii.com.br\/site\/noticiasprevisao-de-ondulacao-oceanica-no-grafico\/","title":{"rendered":"Previs\u00e3o de ondula\u00e7\u00e3o oce\u00e2nica no gr\u00e1fico"},"content":{"rendered":"<p>Um novo swell come\u00e7a sua peregrina\u00e7\u00e3o pela costa brasileira durante a semana que se aproxima, com possibilidades de muito surf e altas ondas.<\/p>\n<p>A ondula\u00e7\u00e3o marcha&nbsp;de sul e, ao que tudo indica, encontrar\u00e1 pouco vento e dias ensolarados nos litorais do sul e sudeste.<\/p>\n<p>O destaque n\u00e3o \u00e9 exatamente o tamanho das vagas, mas o seu&nbsp;per\u00edodo, que se mant\u00e9m alto e varia entre 15 e 17 segundos, o que&nbsp;j\u00e1 \u00e9 considerado como uma ondula\u00e7\u00e3o oce\u00e2nica, ou seja, que carrega muito&nbsp;volume d&#8217;\u00e1gua, alinhamento e extens\u00e3o de parede.&nbsp;<\/p>\n<p>Acesse a <a href=\"http:\/\/www.mormaii.com.br\/previsao-de-ondas\" rel=\"nofollow noopener\" target=\"_blank\">Previs\u00e3o de Ondas Mormaii<\/a>, reserve um tempo na sua agenda&nbsp;e aproveite aquele pico cl\u00e1ssico da sua regi\u00e3o que quebra poucas vezes ao ano pra fazer a cabe\u00e7a e se divertir.<\/p>\n<p>[Foto: James Thisted \/\/ Surfista: F\u00e1bio Guveia]<\/p>\n","protected":false},"excerpt":{"rendered":"<p>Um novo swell come\u00e7a sua peregrina\u00e7\u00e3o pela costa brasileira durante a semana que se aproxima, com possibilidades de muito surf e altas ondas. A ondula\u00e7\u00e3o marcha&nbsp;de sul e, ao que tudo indica, encontrar\u00e1 pouco vento e dias ensolarados nos litorais do sul e sudeste. O destaque n\u00e3o \u00e9 exatamente o tamanho das vagas, mas o [&hellip;]<\/p>\n","protected":false},"author":3,"featured_media":0,"comment_status":"open","ping_status":"open","sticky":false,"template":"","format":"standard","meta":{"_uag_custom_page_level_css":"","_mi_skip_tracking":false,"footnotes":""},"categories":[914],"tags":[],"class_list":["post-2502","post","type-post","status-publish","format-standard","hentry","category-mormaii"],"acf":[],"uagb_featured_image_src":{"full":false,"thumbnail":false,"medium":false,"medium_large":false,"large":false,"1536x1536":false,"2048x2048":false,"qi_addons_for_elementor_image_size_square":false,"qi_addons_for_elementor_image_size_landscape":false,"qi_addons_for_elementor_image_size_portrait":false,"qi_addons_for_elementor_image_size_huge-square":false},"uagb_author_info":{"display_name":"mormaii_importer","author_link":"https:\/\/www.mormaii.com.br\/site\/author\/mormaii_importer\/"},"uagb_comment_info":0,"uagb_excerpt":"Um novo swell come\u00e7a sua peregrina\u00e7\u00e3o pela costa brasileira durante a semana que se aproxima, com possibilidades de muito surf e altas ondas. A ondula\u00e7\u00e3o marcha&nbsp;de sul e, ao que tudo indica, encontrar\u00e1 pouco vento e dias ensolarados nos litorais do sul e sudeste. O destaque n\u00e3o \u00e9 exatamente o tamanho das vagas, mas o&hellip;","_links":{"self":[{"href":"https:\/\/www.mormaii.com.br\/site\/wp-json\/wp\/v2\/posts\/2502"}],"collection":[{"href":"https:\/\/www.mormaii.com.br\/site\/wp-json\/wp\/v2\/posts"}],"about":[{"href":"https:\/\/www.mormaii.com.br\/site\/wp-json\/wp\/v2\/types\/post"}],"author":[{"embeddable":true,"href":"https:\/\/www.mormaii.com.br\/site\/wp-json\/wp\/v2\/users\/3"}],"replies":[{"embeddable":true,"href":"https:\/\/www.mormaii.com.br\/site\/wp-json\/wp\/v2\/comments?post=2502"}],"version-history":[{"count":1,"href":"https:\/\/www.mormaii.com.br\/site\/wp-json\/wp\/v2\/posts\/2502\/revisions"}],"predecessor-version":[{"id":57065,"href":"https:\/\/www.mormaii.com.br\/site\/wp-json\/wp\/v2\/posts\/2502\/revisions\/57065"}],"wp:attachment":[{"href":"https:\/\/www.mormaii.com.br\/site\/wp-json\/wp\/v2\/media?parent=2502"}],"wp:term":[{"taxonomy":"category","embeddable":true,"href":"https:\/\/www.mormaii.com.br\/site\/wp-json\/wp\/v2\/categories?post=2502"},{"taxonomy":"post_tag","embeddable":true,"href":"https:\/\/www.mormaii.com.br\/site\/wp-json\/wp\/v2\/tags?post=2502"}],"curies":[{"name":"wp","href":"https:\/\/api.w.org\/{rel}","templated":true}]}}