{"id":2503,"date":"2016-04-04T13:33:38","date_gmt":"2016-04-04T13:33:38","guid":{"rendered":"http:\/\/www.mormaii.com.br\/site\/?p=2503"},"modified":"2022-06-10T10:36:34","modified_gmt":"2022-06-10T13:36:34","slug":"noticiasdobradinha-de-taina-hinckel-em-floripa","status":"publish","type":"post","link":"https:\/\/www.mormaii.com.br\/site\/noticiasdobradinha-de-taina-hinckel-em-floripa\/","title":{"rendered":"Dobradinha de Tain\u00e1 Hinckel, em Floripa"},"content":{"rendered":"<p>A 2\u00aa etapa do Circuito Surf Talentos 2016 encerrou nesse domingo (17\/04), na Praia do Santinho, em Florian\u00f3polis (SC), e&nbsp;reuniu&nbsp;139 surfistas da nov\u00edssima gera\u00e7\u00e3o&nbsp;do surf catarinense.<\/p>\n<p>Em um&nbsp;final&nbsp;de semana com clima&nbsp;de ver\u00e3o, em pleno outono,&nbsp;os confrontos come\u00e7aram no s\u00e1bado, em ondas de at\u00e9 um metro, e boa forma\u00e7\u00e3o.&nbsp;<\/p>\n<p>No domingo, com o aumento da intensidade do vento nordeste, as ondas diminu\u00edram muito e prejudicaram&nbsp;a realiza\u00e7\u00e3o das disputas&nbsp;das categorias Pro\/Am, Junior e Mirim.<\/p>\n<p>Apesar das condi\u00e7\u00f5es dif\u00edceis,&nbsp;a molecada demonstrou&nbsp;surf de gente grande e <a href=\"http:\/\/www.mormaii.com.br\/atletas\/taina-hinckel\" rel=\"nofollow noopener\" target=\"_blank\">Tain\u00e1 Hinckel<\/a> deu um show, vencendo em duas categorias, a J\u00fanior e a Feminino Open.<\/p>\n<p>A pr\u00f3xima etapa est\u00e1 marcada para os dias 07 e 08 de maio, em Itaja\u00ed, e as inscri\u00e7\u00f5es j\u00e1 est\u00e3o abertas.&nbsp;<\/p>\n<p>[Foto: Fecasurf\/M\u00e1rcio David]<\/p>\n<p><\/p>\n","protected":false},"excerpt":{"rendered":"<p>A 2\u00aa etapa do Circuito Surf Talentos 2016 encerrou nesse domingo (17\/04), na Praia do Santinho, em Florian\u00f3polis (SC), e&nbsp;reuniu&nbsp;139 surfistas da nov\u00edssima gera\u00e7\u00e3o&nbsp;do surf catarinense. Em um&nbsp;final&nbsp;de semana com clima&nbsp;de ver\u00e3o, em pleno outono,&nbsp;os confrontos come\u00e7aram no s\u00e1bado, em ondas de at\u00e9 um metro, e boa forma\u00e7\u00e3o.&nbsp; No domingo, com o aumento da intensidade [&hellip;]<\/p>\n","protected":false},"author":3,"featured_media":0,"comment_status":"open","ping_status":"open","sticky":false,"template":"","format":"standard","meta":{"_uag_custom_page_level_css":"","_mi_skip_tracking":false,"footnotes":""},"categories":[914],"tags":[],"class_list":["post-2503","post","type-post","status-publish","format-standard","hentry","category-mormaii"],"acf":[],"uagb_featured_image_src":{"full":false,"thumbnail":false,"medium":false,"medium_large":false,"large":false,"1536x1536":false,"2048x2048":false,"qi_addons_for_elementor_image_size_square":false,"qi_addons_for_elementor_image_size_landscape":false,"qi_addons_for_elementor_image_size_portrait":false,"qi_addons_for_elementor_image_size_huge-square":false},"uagb_author_info":{"display_name":"mormaii_importer","author_link":"https:\/\/www.mormaii.com.br\/site\/author\/mormaii_importer\/"},"uagb_comment_info":0,"uagb_excerpt":"A 2\u00aa etapa do Circuito Surf Talentos 2016 encerrou nesse domingo (17\/04), na Praia do Santinho, em Florian\u00f3polis (SC), e&nbsp;reuniu&nbsp;139 surfistas da nov\u00edssima gera\u00e7\u00e3o&nbsp;do surf catarinense. Em um&nbsp;final&nbsp;de semana com clima&nbsp;de ver\u00e3o, em pleno outono,&nbsp;os confrontos come\u00e7aram no s\u00e1bado, em ondas de at\u00e9 um metro, e boa forma\u00e7\u00e3o.&nbsp; No domingo, com o aumento da intensidade&hellip;","_links":{"self":[{"href":"https:\/\/www.mormaii.com.br\/site\/wp-json\/wp\/v2\/posts\/2503"}],"collection":[{"href":"https:\/\/www.mormaii.com.br\/site\/wp-json\/wp\/v2\/posts"}],"about":[{"href":"https:\/\/www.mormaii.com.br\/site\/wp-json\/wp\/v2\/types\/post"}],"author":[{"embeddable":true,"href":"https:\/\/www.mormaii.com.br\/site\/wp-json\/wp\/v2\/users\/3"}],"replies":[{"embeddable":true,"href":"https:\/\/www.mormaii.com.br\/site\/wp-json\/wp\/v2\/comments?post=2503"}],"version-history":[{"count":1,"href":"https:\/\/www.mormaii.com.br\/site\/wp-json\/wp\/v2\/posts\/2503\/revisions"}],"predecessor-version":[{"id":57642,"href":"https:\/\/www.mormaii.com.br\/site\/wp-json\/wp\/v2\/posts\/2503\/revisions\/57642"}],"wp:attachment":[{"href":"https:\/\/www.mormaii.com.br\/site\/wp-json\/wp\/v2\/media?parent=2503"}],"wp:term":[{"taxonomy":"category","embeddable":true,"href":"https:\/\/www.mormaii.com.br\/site\/wp-json\/wp\/v2\/categories?post=2503"},{"taxonomy":"post_tag","embeddable":true,"href":"https:\/\/www.mormaii.com.br\/site\/wp-json\/wp\/v2\/tags?post=2503"}],"curies":[{"name":"wp","href":"https:\/\/api.w.org\/{rel}","templated":true}]}}