{"id":2506,"date":"2016-04-04T13:33:38","date_gmt":"2016-04-04T13:33:38","guid":{"rendered":"http:\/\/www.mormaii.com.br\/site\/?p=2506"},"modified":"2022-06-10T10:29:14","modified_gmt":"2022-06-10T13:29:14","slug":"noticiasleo-de-deus-conquista-ouro-e-indice-olimpico","status":"publish","type":"post","link":"https:\/\/www.mormaii.com.br\/site\/noticiasleo-de-deus-conquista-ouro-e-indice-olimpico\/","title":{"rendered":"L\u00e9o de Deus conquista ouro e \u00edndice ol\u00edmpico"},"content":{"rendered":"<p>Nesse domingo (17\/04), a nata\u00e7\u00e3o brasileira viveu mais um grande momento&nbsp;no terceiro dia do Trof\u00e9u Maria Lenk, que acontece no Parque Aqu\u00e1tico Ol\u00edmpico, no Rio de Janeiro.&nbsp;<\/p>\n<p class=\"p1\"><a href=\"http:\/\/www.mormaii.com.br\/atletas\/leonardo-de-deus\" rel=\"nofollow noopener\" target=\"_blank\">Leonardo de Deus<\/a> venceu os 200m borboleta, atingiu o \u00edndice&nbsp;e garantiu uma vaga na prova nos Jogos do Rio 2016.<\/p>\n<p class=\"p1\">Com \u00f3tima&nbsp;atua\u00e7\u00e3o e o quinto melhor tempo do mundo na modalidade, o nadador alcan\u00e7ou&nbsp;1min55s54 para carimbar o passaporte rumo \u00e0s Olimp\u00edadas e garantir mais uma medalha de ouro no curr\u00edculo.<\/p>\n<p><img decoding=\"async\" class=\"fr-fin\" alt=\"Image title\" src=\"https:\/\/s3-sa-east-1.amazonaws.com\/cdnmormaii\/uploads\/postImages\/new\/leo_mormaii_2.jpg\" width=\"840\"><\/p>\n<p class=\"p1\">&#8220;\u00c9 a quinta melhor marca do mundo, mas t\u00eam muitos atletas ainda para nadar. A sele\u00e7\u00e3o norte-americana tamb\u00e9m ainda n\u00e3o competiu. Eu estou me preparando muito para as Olimp\u00edadas. \u00c9 o quarto ano com o meu t\u00e9cnico Carlos Matheus e quero agradecer, porque eu sa\u00ed de uma semifinal ol\u00edmpica em 2012&nbsp;com o sonho de buscar essa final e a medalha. Eu devo toda minha&nbsp;melhora e meu&nbsp;ritmo de competi\u00e7\u00e3o nesses quatro anos ao meu t\u00e9cnico. Obrigado, Carlos!&#8221;, agradece L\u00e9o.<\/p>\n<p><img decoding=\"async\" class=\"fr-fin\" alt=\"Image title\" src=\"https:\/\/s3-sa-east-1.amazonaws.com\/cdnmormaii\/uploads\/postImages\/new\/leo_mormaii_4.jpg\" width=\"840\"><\/p>\n<p class=\"p1\"><span class=\"s1\">\u201c<\/span>Eu venho acompanhando os melhores do mundo. Chad Le Clos acabou de fazer a seletiva dele para 1m55s0, ent\u00e3o a gente est\u00e1 na briga. Essa era uma competi\u00e7\u00e3o que eu n\u00e3o vinha 100%, mas como tive um sul-americano n\u00e3o t\u00e3o bom, resolvi descansar um pouquinho mais&nbsp;e acabei fazendo um tempo muito bom, melhorando meu \u00edndice ol\u00edmpico&#8221;, completa L\u00e9o,&nbsp;que ainda disputar\u00e1&nbsp;os 200m costas, hoje&nbsp;(19\/04).<\/p>\n<p><img decoding=\"async\" class=\"fr-fin\" alt=\"Image title\" src=\"https:\/\/s3-sa-east-1.amazonaws.com\/cdnmormaii\/uploads\/postImages\/new\/leo_mormaii_1.jpg\" width=\"840\"><\/p>\n<p class=\"p2\">Em rela\u00e7\u00e3o ao futuro, o nadador sabe bem o que fazer.&nbsp;\u201cAgora \u00e9 manter a cabe\u00e7a firme e seguir treinando para o melhor tempo da minha vida sair em agosto. Essa \u00e9 uma fase de ajustar o que precisa melhorar, entrar na bolha mesmo. A competi\u00e7\u00e3o come\u00e7ou muito bem para a nossa nata\u00e7\u00e3o, pois tivemos muitos \u00edndices confirmados. Eu s\u00f3 tenho a agradecer a todos voc\u00eas e aos meus patrocinadores. Continuem na torcida, valeu!\u201d<\/p>\n<p class=\"p2\">Valeu L\u00e9o, torcida n\u00e3o faltar\u00e1!<\/p>\n<p>[Fotos: Satiro Sodr\u00e9]<\/p>\n","protected":false},"excerpt":{"rendered":"<p>Nesse domingo (17\/04), a nata\u00e7\u00e3o brasileira viveu mais um grande momento&nbsp;no terceiro dia do Trof\u00e9u Maria Lenk, que acontece no Parque Aqu\u00e1tico Ol\u00edmpico, no Rio de Janeiro.&nbsp; Leonardo de Deus venceu os 200m borboleta, atingiu o \u00edndice&nbsp;e garantiu uma vaga na prova nos Jogos do Rio 2016. Com \u00f3tima&nbsp;atua\u00e7\u00e3o e o quinto melhor tempo do [&hellip;]<\/p>\n","protected":false},"author":3,"featured_media":0,"comment_status":"open","ping_status":"open","sticky":false,"template":"","format":"standard","meta":{"_uag_custom_page_level_css":"","_mi_skip_tracking":false,"footnotes":""},"categories":[914],"tags":[],"class_list":["post-2506","post","type-post","status-publish","format-standard","hentry","category-mormaii"],"acf":[],"uagb_featured_image_src":{"full":false,"thumbnail":false,"medium":false,"medium_large":false,"large":false,"1536x1536":false,"2048x2048":false,"qi_addons_for_elementor_image_size_square":false,"qi_addons_for_elementor_image_size_landscape":false,"qi_addons_for_elementor_image_size_portrait":false,"qi_addons_for_elementor_image_size_huge-square":false},"uagb_author_info":{"display_name":"mormaii_importer","author_link":"https:\/\/www.mormaii.com.br\/site\/author\/mormaii_importer\/"},"uagb_comment_info":0,"uagb_excerpt":"Nesse domingo (17\/04), a nata\u00e7\u00e3o brasileira viveu mais um grande momento&nbsp;no terceiro dia do Trof\u00e9u Maria Lenk, que acontece no Parque Aqu\u00e1tico Ol\u00edmpico, no Rio de Janeiro.&nbsp; Leonardo de Deus venceu os 200m borboleta, atingiu o \u00edndice&nbsp;e garantiu uma vaga na prova nos Jogos do Rio 2016. Com \u00f3tima&nbsp;atua\u00e7\u00e3o e o quinto melhor tempo do&hellip;","_links":{"self":[{"href":"https:\/\/www.mormaii.com.br\/site\/wp-json\/wp\/v2\/posts\/2506"}],"collection":[{"href":"https:\/\/www.mormaii.com.br\/site\/wp-json\/wp\/v2\/posts"}],"about":[{"href":"https:\/\/www.mormaii.com.br\/site\/wp-json\/wp\/v2\/types\/post"}],"author":[{"embeddable":true,"href":"https:\/\/www.mormaii.com.br\/site\/wp-json\/wp\/v2\/users\/3"}],"replies":[{"embeddable":true,"href":"https:\/\/www.mormaii.com.br\/site\/wp-json\/wp\/v2\/comments?post=2506"}],"version-history":[{"count":1,"href":"https:\/\/www.mormaii.com.br\/site\/wp-json\/wp\/v2\/posts\/2506\/revisions"}],"predecessor-version":[{"id":57370,"href":"https:\/\/www.mormaii.com.br\/site\/wp-json\/wp\/v2\/posts\/2506\/revisions\/57370"}],"wp:attachment":[{"href":"https:\/\/www.mormaii.com.br\/site\/wp-json\/wp\/v2\/media?parent=2506"}],"wp:term":[{"taxonomy":"category","embeddable":true,"href":"https:\/\/www.mormaii.com.br\/site\/wp-json\/wp\/v2\/categories?post=2506"},{"taxonomy":"post_tag","embeddable":true,"href":"https:\/\/www.mormaii.com.br\/site\/wp-json\/wp\/v2\/tags?post=2506"}],"curies":[{"name":"wp","href":"https:\/\/api.w.org\/{rel}","templated":true}]}}