{"id":2508,"date":"2016-04-04T13:33:38","date_gmt":"2016-04-04T13:33:38","guid":{"rendered":"http:\/\/www.mormaii.com.br\/site\/?p=2508"},"modified":"2022-06-10T10:45:43","modified_gmt":"2022-06-10T13:45:43","slug":"noticiasblog-fitness-or-curso-mormaii-realizado-por-profissionais-em-formacao","status":"publish","type":"post","link":"https:\/\/www.mormaii.com.br\/site\/noticiasblog-fitness-or-curso-mormaii-realizado-por-profissionais-em-formacao\/","title":{"rendered":"Blog Fitness | Curso Mormaii  realizado por profissionais em forma\u00e7\u00e3o"},"content":{"rendered":"<\/p>\n<p><em>Alunos dos cursos de fisioterapia e educa\u00e7\u00e3o f\u00edsica a partir do 5\u00ba per\u00edodo podem fazer o Curso do M\u00e9todo Integrado Mormaii Fitness.<\/em><\/p>\n<p>Escolher em que \u00e1rea atuar profissionalmente n\u00e3o \u00e9 uma tarefa f\u00e1cil. Enganam-se os que pensam que isso estar\u00e1 definido a partir do momento que passarem no vestibular. As profiss\u00f5es tamb\u00e9m reservam uma ampla \u00e1rea de atua\u00e7\u00e3o e definir por uma delas, pode ser mais uma vez angustiante. O importante \u00e9 n\u00e3o deixar para tomar essa decis\u00e3o quando j\u00e1 estiver formado, quanto antes conhecer as aptid\u00f5es e decidir a \u00e1rea em que se quer atuar, pode antecipar conquistas e direcionar ao \u00eaxito profissional.<\/p>\n<p>\u00c9 por isso que a Mormaii Fitness possibilita que alunos a partir do 5\u00ba per\u00edodo dos cursos de fisioterapia e educa\u00e7\u00e3o f\u00edsica fa\u00e7am o Curso do M\u00e9todo Integrado Mormaii Fitness. A forma\u00e7\u00e3o \u00e9 valida para que os futuros profissionais possam desenvolver programas de treinos, atrav\u00e9s da metodologia integrada de exerc\u00edcios, em academias, est\u00fadios e clinicas de fisioterapia. Embora n\u00e3o seja obrigat\u00f3rio, \u00e9 interessante que os alunos, antes de realizarem o curso, tenham conhecimento pr\u00e9vio de pilates para facilitar o entendimento da metodologia Mormaii.<\/p>\n<\/p>\n<p>Outro ponto positivo para quem realiza o Curso do M\u00e9todo Integrado Mormaii Fitness \u00e9 a possibilidade de compartilhar e integrar conhecimentos entre as \u00e1reas de fisioterapia e educa\u00e7\u00e3o f\u00edsica. A Master Treinadora do M\u00e9todo Mormaii, Alessandra Gailey, evidencia que existe uma lacuna entre a reabilita\u00e7\u00e3o e o treinamento f\u00edsico. <\/p>\n<p>\u201cA p\u00f3s-reabilita\u00e7\u00e3o \u00e9 um est\u00e1gio que \u00e9 aplicado tanto pelo fisioterapeuta e pelo educador f\u00edsico. A maioria dos alunos ou pacientes sentem dor e assim \u00e9 preciso aprender a focar na causa e n\u00e3o no sintoma para um resultado mais efetivo. Grande parte dessas pessoas n\u00e3o est\u00e1 pronta para iniciar um treinamento com sobrecarga e precisam eliminar os desequil\u00edbrios e compensa\u00e7\u00f5es antes de iniciar um treinamento de for\u00e7a. A Mormaii se preocupa em qualificar esses dois profissionais a trabalhar de uma forma segura com seus clientes\u201d.<\/p>\n<p><b>Agenda de Cursos<\/b><\/p>\n<p>O curso que \u00e9 realizado em dois m\u00f3dulos obrigat\u00f3rios para dar direito \u00e0 certifica\u00e7\u00e3o est\u00e1 com datas programadas para Florian\u00f3polis (SC) e S\u00e3o Paulo (SP). Em Londrina (PR) as inscri\u00e7\u00f5es tamb\u00e9m est\u00e3o abertas para cadastro de interessados.<\/p>\n<p>                  <a href=\"https:\/\/fitness.mormaii.com.br\/cursos\/?id_ad=5293&amp;utm_source=Site&amp;utm_medium=Materia-Mormaii-Oficial-20160418-Cursos&amp;utm_campaign=Cursos\" rel=\"nofollow noopener\" target=\"_blank\"><strong>Florian\u00f3polis <\/strong><\/a><\/p>\n<\/p>\n<p>M\u00f3dulo 1: 14 e 15 de maio de 2016<br \/>M\u00f3dulo 2: 21 e 22 de maio de 2016    <b><b><\/b><\/b>     <\/p>\n<p><a href=\"https:\/\/fitness.mormaii.com.br\/cursos\/?id_ad=5293&amp;utm_source=Site&amp;utm_medium=Materia-Mormaii-Oficial-20160418-Cursos&amp;utm_campaign=Cursos]\" rel=\"nofollow noopener\" target=\"_blank\"><strong>S\u00e3o Paulo<\/strong><\/a><\/p>\n<\/p>\n<p>M\u00f3dulo 1: 05 e 12 de junho de 2016<br \/>M\u00f3dulo 2: 26 de junho e 03 de julho de 2016      <\/p>\n<p><\/p><\/p>\n","protected":false},"excerpt":{"rendered":"<p>Alunos dos cursos de fisioterapia e educa\u00e7\u00e3o f\u00edsica a partir do 5\u00ba per\u00edodo podem fazer o Curso do M\u00e9todo Integrado Mormaii Fitness. Escolher em que \u00e1rea atuar profissionalmente n\u00e3o \u00e9 uma tarefa f\u00e1cil. Enganam-se os que pensam que isso estar\u00e1 definido a partir do momento que passarem no vestibular. As profiss\u00f5es tamb\u00e9m reservam uma ampla [&hellip;]<\/p>\n","protected":false},"author":3,"featured_media":0,"comment_status":"open","ping_status":"open","sticky":false,"template":"","format":"standard","meta":{"_uag_custom_page_level_css":"","_mi_skip_tracking":false,"footnotes":""},"categories":[914],"tags":[],"class_list":["post-2508","post","type-post","status-publish","format-standard","hentry","category-mormaii"],"acf":[],"uagb_featured_image_src":{"full":false,"thumbnail":false,"medium":false,"medium_large":false,"large":false,"1536x1536":false,"2048x2048":false,"qi_addons_for_elementor_image_size_square":false,"qi_addons_for_elementor_image_size_landscape":false,"qi_addons_for_elementor_image_size_portrait":false,"qi_addons_for_elementor_image_size_huge-square":false},"uagb_author_info":{"display_name":"mormaii_importer","author_link":"https:\/\/www.mormaii.com.br\/site\/author\/mormaii_importer\/"},"uagb_comment_info":0,"uagb_excerpt":"Alunos dos cursos de fisioterapia e educa\u00e7\u00e3o f\u00edsica a partir do 5\u00ba per\u00edodo podem fazer o Curso do M\u00e9todo Integrado Mormaii Fitness. Escolher em que \u00e1rea atuar profissionalmente n\u00e3o \u00e9 uma tarefa f\u00e1cil. Enganam-se os que pensam que isso estar\u00e1 definido a partir do momento que passarem no vestibular. As profiss\u00f5es tamb\u00e9m reservam uma ampla&hellip;","_links":{"self":[{"href":"https:\/\/www.mormaii.com.br\/site\/wp-json\/wp\/v2\/posts\/2508"}],"collection":[{"href":"https:\/\/www.mormaii.com.br\/site\/wp-json\/wp\/v2\/posts"}],"about":[{"href":"https:\/\/www.mormaii.com.br\/site\/wp-json\/wp\/v2\/types\/post"}],"author":[{"embeddable":true,"href":"https:\/\/www.mormaii.com.br\/site\/wp-json\/wp\/v2\/users\/3"}],"replies":[{"embeddable":true,"href":"https:\/\/www.mormaii.com.br\/site\/wp-json\/wp\/v2\/comments?post=2508"}],"version-history":[{"count":1,"href":"https:\/\/www.mormaii.com.br\/site\/wp-json\/wp\/v2\/posts\/2508\/revisions"}],"predecessor-version":[{"id":58008,"href":"https:\/\/www.mormaii.com.br\/site\/wp-json\/wp\/v2\/posts\/2508\/revisions\/58008"}],"wp:attachment":[{"href":"https:\/\/www.mormaii.com.br\/site\/wp-json\/wp\/v2\/media?parent=2508"}],"wp:term":[{"taxonomy":"category","embeddable":true,"href":"https:\/\/www.mormaii.com.br\/site\/wp-json\/wp\/v2\/categories?post=2508"},{"taxonomy":"post_tag","embeddable":true,"href":"https:\/\/www.mormaii.com.br\/site\/wp-json\/wp\/v2\/tags?post=2508"}],"curies":[{"name":"wp","href":"https:\/\/api.w.org\/{rel}","templated":true}]}}