{"id":2511,"date":"2016-04-04T13:33:38","date_gmt":"2016-04-04T13:33:38","guid":{"rendered":"http:\/\/www.mormaii.com.br\/site\/?p=2511"},"modified":"2022-06-10T10:28:55","modified_gmt":"2022-06-10T13:28:55","slug":"noticiasleo-de-deus-faz-balanco-do-trofeu-maria-lenk","status":"publish","type":"post","link":"https:\/\/www.mormaii.com.br\/site\/noticiasleo-de-deus-faz-balanco-do-trofeu-maria-lenk\/","title":{"rendered":"L\u00e9o de Deus faz balan\u00e7o do Trof\u00e9u Maria Lenk"},"content":{"rendered":"<p>Ao final do trof\u00e9u Maria Lenk, realizado na raia ol\u00edmpica, no Rio de Janeiro, <a href=\"http:\/\/www.mormaii.com.br\/atletas\/leonardo-de-deus\" rel=\"nofollow noopener\" target=\"_blank\">Leonardo de Deus<\/a>, com os \u00edndices nos <a href=\"http:\/\/www.mormaii.com.br\/noticias\/leo-de-deus-conquista-ouro-e-indice-olimpico\" rel=\"nofollow noopener\" target=\"_blank\">200m borboleta<\/a> e nos <a href=\"http:\/\/www.mormaii.com.br\/noticias\/nova-vitoria-e-indice-para-leo-de-deus\" rel=\"nofollow noopener\" target=\"_blank\">200m costa<\/a> garantidos, fez um <a href=\"http:\/\/leonardogdeus.com\/\" rel=\"nofollow noopener\" target=\"_blank\">balan\u00e7o<\/a> dos seus \u00faltimos dias de participa\u00e7\u00e3o no evento.<\/p>\n<p><img decoding=\"async\" class=\"fr-fin\" alt=\"Image title\" src=\"https:\/\/s3-sa-east-1.amazonaws.com\/cdnmormaii\/uploads\/postImages\/new\/leomormaii_.jpg\" width=\"840\"><\/p>\n<p>&#8220;Na ter\u00e7a-feira, 19\/04, nadei os 200m costas. Pela manh\u00e3 passei tranquilo, porque j\u00e1 sabia que n\u00e3o precisaria for\u00e7ar muito para classificar.&nbsp;<\/p>\n<p>Me concentrei mais nos detalhes que podia melhorar para a tarde. J\u00e1 para as finais, forcei e o foco era baixar do meu melhor.&nbsp;<\/p>\n<p>Acabei finalizando a prova com 1m57s54 e confirmando minha vaga nos 200m costas, que j\u00e1 tinha conquistado em dezembro no Open.&nbsp;Fiquei muito feliz e satisfeito por ter garantido as minhas duas provas principais.<\/p>\n<p>Na quarta (20\/04), \u00faltimo dia de Trof\u00e9u Maria Lenk, nadei os 100m borboleta,&nbsp;prova que n\u00e3o tenho muito costume, mas vale arriscar para treinar passagens mais r\u00e1pidas e, mesmo tendo&nbsp;nadado a final B, fiz meu melhor tempo, 53m34s, o que achei \u00f3timo.<\/p>\n<p>Quem ficou com as vagas para as Olimp\u00edadas nos 100m borboleta foram Henrique Martins e Marcos Macedo. Vejo que estamos bem representados.<\/p>\n<p>Este dia tamb\u00e9m foi a decis\u00e3o dos 50m livre masculino e feminino. Foi uma noite emocionante. Ces\u00e3o (C\u00e9sar Cielo) estava l\u00e1&nbsp;com os outros 7 da \u00faltima piscina e todos&nbsp;mandaram muito bem. As 2 vagas ficaram com os que nadaram melhor no dia, Bruno Fratus e \u00cdtalo Manzine.<\/p>\n<p>Nas Olimp\u00edadas do Rio 2016, n\u00e3o teremos a participa\u00e7\u00e3o&nbsp;do maior nadador da hist\u00f3ria do Brasil, mas sei que ele estar\u00e1 conosco na torcida, em cada prova, pois fez muito pelo nosso esporte e merece nossa admira\u00e7\u00e3o. \u00c9 a hist\u00f3ria de um verdadeiro vencedor!&#8221;<\/p>\n<p>[Fotos: Satiro Sodr\u00e9]<\/p>\n","protected":false},"excerpt":{"rendered":"<p>Ao final do trof\u00e9u Maria Lenk, realizado na raia ol\u00edmpica, no Rio de Janeiro, Leonardo de Deus, com os \u00edndices nos 200m borboleta e nos 200m costa garantidos, fez um balan\u00e7o dos seus \u00faltimos dias de participa\u00e7\u00e3o no evento. &#8220;Na ter\u00e7a-feira, 19\/04, nadei os 200m costas. Pela manh\u00e3 passei tranquilo, porque j\u00e1 sabia que n\u00e3o [&hellip;]<\/p>\n","protected":false},"author":3,"featured_media":0,"comment_status":"open","ping_status":"open","sticky":false,"template":"","format":"standard","meta":{"_uag_custom_page_level_css":"","_mi_skip_tracking":false,"footnotes":""},"categories":[914],"tags":[],"class_list":["post-2511","post","type-post","status-publish","format-standard","hentry","category-mormaii"],"acf":[],"uagb_featured_image_src":{"full":false,"thumbnail":false,"medium":false,"medium_large":false,"large":false,"1536x1536":false,"2048x2048":false,"qi_addons_for_elementor_image_size_square":false,"qi_addons_for_elementor_image_size_landscape":false,"qi_addons_for_elementor_image_size_portrait":false,"qi_addons_for_elementor_image_size_huge-square":false},"uagb_author_info":{"display_name":"mormaii_importer","author_link":"https:\/\/www.mormaii.com.br\/site\/author\/mormaii_importer\/"},"uagb_comment_info":0,"uagb_excerpt":"Ao final do trof\u00e9u Maria Lenk, realizado na raia ol\u00edmpica, no Rio de Janeiro, Leonardo de Deus, com os \u00edndices nos 200m borboleta e nos 200m costa garantidos, fez um balan\u00e7o dos seus \u00faltimos dias de participa\u00e7\u00e3o no evento. &#8220;Na ter\u00e7a-feira, 19\/04, nadei os 200m costas. Pela manh\u00e3 passei tranquilo, porque j\u00e1 sabia que n\u00e3o&hellip;","_links":{"self":[{"href":"https:\/\/www.mormaii.com.br\/site\/wp-json\/wp\/v2\/posts\/2511"}],"collection":[{"href":"https:\/\/www.mormaii.com.br\/site\/wp-json\/wp\/v2\/posts"}],"about":[{"href":"https:\/\/www.mormaii.com.br\/site\/wp-json\/wp\/v2\/types\/post"}],"author":[{"embeddable":true,"href":"https:\/\/www.mormaii.com.br\/site\/wp-json\/wp\/v2\/users\/3"}],"replies":[{"embeddable":true,"href":"https:\/\/www.mormaii.com.br\/site\/wp-json\/wp\/v2\/comments?post=2511"}],"version-history":[{"count":1,"href":"https:\/\/www.mormaii.com.br\/site\/wp-json\/wp\/v2\/posts\/2511\/revisions"}],"predecessor-version":[{"id":57359,"href":"https:\/\/www.mormaii.com.br\/site\/wp-json\/wp\/v2\/posts\/2511\/revisions\/57359"}],"wp:attachment":[{"href":"https:\/\/www.mormaii.com.br\/site\/wp-json\/wp\/v2\/media?parent=2511"}],"wp:term":[{"taxonomy":"category","embeddable":true,"href":"https:\/\/www.mormaii.com.br\/site\/wp-json\/wp\/v2\/categories?post=2511"},{"taxonomy":"post_tag","embeddable":true,"href":"https:\/\/www.mormaii.com.br\/site\/wp-json\/wp\/v2\/tags?post=2511"}],"curies":[{"name":"wp","href":"https:\/\/api.w.org\/{rel}","templated":true}]}}