{"id":2553,"date":"2016-04-04T13:33:38","date_gmt":"2016-04-04T13:33:38","guid":{"rendered":"http:\/\/www.mormaii.com.br\/site\/?p=2553"},"modified":"2022-06-10T10:35:00","modified_gmt":"2022-06-10T13:35:00","slug":"noticiasfabio-gouveia-narra-encontro-de-campeoes","status":"publish","type":"post","link":"https:\/\/www.mormaii.com.br\/site\/noticiasfabio-gouveia-narra-encontro-de-campeoes\/","title":{"rendered":"F\u00e1bio Gouveia narra encontro de campe\u00f5es"},"content":{"rendered":"<p><a href=\"http:\/\/www.mormaii.com.br\/atletas\/fabio-gouveia\" rel=\"nofollow noopener\" target=\"_blank\">F\u00e1bio Gouveia<\/a> e <a href=\"http:\/\/www.mormaii.com.br\/atletas\/carlos-burle\" rel=\"nofollow noopener\" target=\"_blank\">Carlos Burle<\/a> estiveram na Praia do Forte (BA)&nbsp; para um encontro de lendas do surf brasileiro. T\u00e3o bom quanto presenciar um momento desses \u00e9 poder acompanhar o que rolou atrav\u00e9s da vis\u00e3o&nbsp;bem humorada e repleta de conhecimentos do mestre Fabinho.<\/p>\n<p>&#8220;O t\u00edtulo \u00e9 sugestivo, afinal todos tem &#8216;t\u00edtulos&#8217;. Para a m\u00eddia \u00e9 \u00f3timo, mas me sinto mais confort\u00e1vel fazendo uma bateria de apresenta\u00e7\u00e3o. Enfim, foi \u00f3timo ter participado de mais um encontro de ex-surfistas profissionais de distintas gera\u00e7\u00f5es do surfe brasileiro.&nbsp;<\/p>\n<p class=\"p1\">Na \u00e1gua, entre as final\u00edssimas do QS Praia do Forte Pro, estavamos l\u00e1 no pico do Papagente: eu, Armando Daltro, Carlos Burle e Christiano Spirro.&nbsp;<\/p>\n<p class=\"p1\">Silvana Lima acabara de vencer a final feminina em cima de Nathalie Martins. Pelo surfe apresentado ali, fica dif\u00edcil entender como ela n\u00e3o obteve um t\u00edtulo mundial.&nbsp;<\/p>\n<p class=\"p1\">Creio que a resposta seria o fortalecimento psicol\u00f3gico para uma volta ao CT e embarcar com tudo. Apesar do atual alto est\u00e1gio de competitividade das meninas no mundo, \u201dSil\u201d ainda tem bastante lenha pra queimar.&nbsp;<\/p>\n<p class=\"p1\">A Praia do Forte \u00e9 muito astral e todos compartilham isso. Direitas cavadinhas embalaram nossas performances, com direito \u00e0s regras normais de baterias, incluindo as prioridades. E mesmo que n\u00e3o tivesse, estar\u00edamos respeitando a vez do pr\u00f3ximo, claro.&nbsp;<\/p>\n<p class=\"p1\">Perdemos a primeira s\u00e9rie &#8211; a correnteza havia nos tirado do pico. Abro a bateria com uma onda pequena s\u00f3 pra esquentar e quebrar o gelo. Mandinho, Spirro e Burle s\u00e3o os pr\u00f3ximos. Spirro logo faz uma boa onda e seguida de outra vai pra primeiro.&nbsp;<\/p>\n<p class=\"p1\">Todos ainda mostram competitividade, talvez Burle seria o mais relaxado. Sua especialidade moment\u00e2nea s\u00e3o as ondas grandes, gigantes, e aquela marola era mais uma brincadeira mesmo. De qualquer forma, para ele seria um treino competitivo, caso ele estivesse pensando nisso.&nbsp;<\/p>\n<p class=\"p1\">Guardadas as devidas propor\u00e7\u00f5es e os crit\u00e9rios de competitividade em competi\u00e7\u00f5es de ondas grandes, no m\u00ednimo decis\u00f5es \u00e1geis s\u00e3o importantes. Burle tinha a prioridade, e em certo momento acabou remando e perdendo-a por n\u00e3o ter entrado na onda. &nbsp;<\/p>\n<p class=\"p1\">\u201cBurl\u00ea, n\u00e3o podes dar esse mole na competi\u00e7\u00e3o de ondas grandes&#8221;, disse eu divertidamente. O fato \u00e9 que Spirro pegou a prioridade e de posse dela come\u00e7ou aflorar sua competitividade. Quando as s\u00e9ries vinham, ele amea\u00e7ava ir na onda, e ao notar que par\u00e1vamos de remar, ele n\u00e3o remava, dizendo n\u00e3o estar caracterizando uma poss\u00edvel perda de prioridade.&nbsp;<\/p>\n<p class=\"p1\">Dessa forma, ficou segurando a turma para o tempo ir passando. N\u00e3o me contive e dei uma cutucada: \u201cComo \u00e9 que \u00e9, meu papitinho? N\u00e3o vai querer pegar a onda n\u00e3o, \u00e9? Essa prioridade tem que mudar\u201d, falei rindo.&nbsp;<\/p>\n<p class=\"p1\">O fato \u00e9 que nos 7 minutos finais Spirro estava liderando com folga, mas pra fazer jus \u00e0 bateria de \u00e9pocas passadas, passaram a n\u00e3o mais dar nossas notas. Burle surfou, e peguei umas duas boas e a disputa ia chegando ao fim quando Mandinho fez uma onda na regressiva. Olhando por tr\u00e1s, vi que havia sido boa e ali pensei que a lideran\u00e7a pudesse ter ido pra ele.&nbsp;<\/p>\n<p class=\"p1\">S\u00f3 soubemos do resultado no p\u00f3dio, quando uma chuveirada de Skol Ultra foi derramada por Burle. Acabei vencendo, com Madinho em segundo, Spirro em terceiro e Burle em quarto.&nbsp;<\/p>\n<p class=\"p1\">Independente de qualquer coisa, foi uma bela homanagem e confraterniza\u00e7\u00e3o. Mas a grande bateria daquele evento estava por vir. O funil havia apertado e a dobradinha baiana havia se desdobrado com as performances de Bino Lopes e Marcos Fernandez. Os dois estavam simplesmente quebrando!&nbsp;<\/p>\n<p class=\"p1\">Fernandez surfou muito forte e redondo, assim como Bino, que parecia desgarrar ligeiramente um pouco mais sua prancha. Enfim, foi um espet\u00e1culo e um tinha que vencer. Deu Bino e a PF ficou em festa. #Acaraj\u00e9Storm.&nbsp;<\/p>\n<p class=\"p1\">As ondas, que melhoraram no domingo, amanheceram maiores e ainda melhores na segunda-feira. Ondas fortes tanto na esquerda quanto na direita fizeram a cabe\u00e7a dos que acordaram com o Sol e terral.&nbsp;<\/p>\n<p class=\"p1\">A turma desmontava o palanque quando voltei ao hotel pensando sobre o evento, que veio em um bom momento pra esquentar o surfe brasileiro na pr\u00e9via do CT.&#8221;<\/p>\n<p><img decoding=\"async\" class=\"fr-fin\" alt=\"Image title\" src=\"https:\/\/s3-sa-east-1.amazonaws.com\/cdnmormaii\/uploads\/postImages\/new\/mormaii.jpg\" width=\"840\"><\/p>\n<p class=\"p1\" style=\"text-align: center;\"><em>Campe\u00f5es dentro e fora d&#8217;\u00e1gua | Foto:&nbsp;Ader Oliveira \/\/ Fonte: <a href=\"http:\/\/waves.terra.com.br\/waves\/colunas\/fabio-gouveia\/coluna\/encontro-de-campeoes\" rel=\"nofollow noopener\" target=\"_blank\">Waves<\/a>&nbsp;\/\/ Capa: James Thisted<\/em><\/p>\n<p><\/p>\n","protected":false},"excerpt":{"rendered":"<p>F\u00e1bio Gouveia e Carlos Burle estiveram na Praia do Forte (BA)&nbsp; para um encontro de lendas do surf brasileiro. T\u00e3o bom quanto presenciar um momento desses \u00e9 poder acompanhar o que rolou atrav\u00e9s da vis\u00e3o&nbsp;bem humorada e repleta de conhecimentos do mestre Fabinho. &#8220;O t\u00edtulo \u00e9 sugestivo, afinal todos tem &#8216;t\u00edtulos&#8217;. Para a m\u00eddia \u00e9 [&hellip;]<\/p>\n","protected":false},"author":3,"featured_media":0,"comment_status":"open","ping_status":"open","sticky":false,"template":"","format":"standard","meta":{"_uag_custom_page_level_css":"","_mi_skip_tracking":false,"footnotes":""},"categories":[914],"tags":[],"class_list":["post-2553","post","type-post","status-publish","format-standard","hentry","category-mormaii"],"acf":[],"uagb_featured_image_src":{"full":false,"thumbnail":false,"medium":false,"medium_large":false,"large":false,"1536x1536":false,"2048x2048":false,"qi_addons_for_elementor_image_size_square":false,"qi_addons_for_elementor_image_size_landscape":false,"qi_addons_for_elementor_image_size_portrait":false,"qi_addons_for_elementor_image_size_huge-square":false},"uagb_author_info":{"display_name":"mormaii_importer","author_link":"https:\/\/www.mormaii.com.br\/site\/author\/mormaii_importer\/"},"uagb_comment_info":0,"uagb_excerpt":"F\u00e1bio Gouveia e Carlos Burle estiveram na Praia do Forte (BA)&nbsp; para um encontro de lendas do surf brasileiro. T\u00e3o bom quanto presenciar um momento desses \u00e9 poder acompanhar o que rolou atrav\u00e9s da vis\u00e3o&nbsp;bem humorada e repleta de conhecimentos do mestre Fabinho. &#8220;O t\u00edtulo \u00e9 sugestivo, afinal todos tem &#8216;t\u00edtulos&#8217;. Para a m\u00eddia \u00e9&hellip;","_links":{"self":[{"href":"https:\/\/www.mormaii.com.br\/site\/wp-json\/wp\/v2\/posts\/2553"}],"collection":[{"href":"https:\/\/www.mormaii.com.br\/site\/wp-json\/wp\/v2\/posts"}],"about":[{"href":"https:\/\/www.mormaii.com.br\/site\/wp-json\/wp\/v2\/types\/post"}],"author":[{"embeddable":true,"href":"https:\/\/www.mormaii.com.br\/site\/wp-json\/wp\/v2\/users\/3"}],"replies":[{"embeddable":true,"href":"https:\/\/www.mormaii.com.br\/site\/wp-json\/wp\/v2\/comments?post=2553"}],"version-history":[{"count":1,"href":"https:\/\/www.mormaii.com.br\/site\/wp-json\/wp\/v2\/posts\/2553\/revisions"}],"predecessor-version":[{"id":57580,"href":"https:\/\/www.mormaii.com.br\/site\/wp-json\/wp\/v2\/posts\/2553\/revisions\/57580"}],"wp:attachment":[{"href":"https:\/\/www.mormaii.com.br\/site\/wp-json\/wp\/v2\/media?parent=2553"}],"wp:term":[{"taxonomy":"category","embeddable":true,"href":"https:\/\/www.mormaii.com.br\/site\/wp-json\/wp\/v2\/categories?post=2553"},{"taxonomy":"post_tag","embeddable":true,"href":"https:\/\/www.mormaii.com.br\/site\/wp-json\/wp\/v2\/tags?post=2553"}],"curies":[{"name":"wp","href":"https:\/\/api.w.org\/{rel}","templated":true}]}}