{"id":2562,"date":"2016-04-04T13:33:38","date_gmt":"2016-04-04T13:33:38","guid":{"rendered":"http:\/\/www.mormaii.com.br\/site\/?p=2562"},"modified":"2022-06-10T10:45:43","modified_gmt":"2022-06-10T13:45:43","slug":"noticiasblog-fitness-or-curso-mormaii-e-a-nova-tendencia-de-treinamento","status":"publish","type":"post","link":"https:\/\/www.mormaii.com.br\/site\/noticiasblog-fitness-or-curso-mormaii-e-a-nova-tendencia-de-treinamento\/","title":{"rendered":"Blog Fitness | Curso Mormaii \u00e9 a nova tend\u00eancia de treinamento"},"content":{"rendered":"<p><\/p>\n<p><span lang=\"PT-BR\">Os profissionais de fisioterapia e educa\u00e7\u00e3o f\u00edsica que buscam diferenciais para atuar profissionalmente t\u00eam maisum motivo para comemorar. Agora, em apenas dois finais de semana, j\u00e1 \u00e9 poss\u00edvel concluir o curso completo do M\u00e9todo Integrado Mormaii Fitness.<\/span><\/p>\n<p><\/p>\n<p>O curso desenvolve os profissionais da \u00e1rea fitness a partir de uma metodologia exclusiva para trabalhar com estabilidade, mobilidade e condicionamento de alunos e pacientes. O m\u00e9todo inclui pilates, treinamento funcional e o sistema alem\u00e3o de preven\u00e7\u00e3o e tratamento de dores Five Konzept, tudo em um s\u00f3 treino. A forma\u00e7\u00e3o \u00e9 aplicada para academias, est\u00fadios de Pilates e cl\u00ednicas de fisioterapia.<\/p>\n<p><b>Quem pode fazer?<\/b><\/p>\n<p>Somente profissionais de Educa\u00e7\u00e3o F\u00edsica ou Fisioterapia e alunos das duas \u00e1reas a partir do 5\u00ba per\u00edodo de faculdade.<\/p>\n<p><b>As contribui\u00e7\u00f5es para o fisioterapeuta<\/b><\/p>\n<p>O curso do M\u00e9todo Integrado Mormaii auxilia o fisioterapeuta a complementar o conhecimento em reabilita\u00e7\u00f5es e aprender novos benef\u00edcios a serem trabalhados nas cl\u00ednicas, principalmente para auxiliar o trabalho feito no pilates. Outras vantagens do curso para os fisioterapeutas s\u00e3o auxiliar na p\u00f3s-reabilita\u00e7\u00e3o, estabelecer padr\u00f5es de movimento ap\u00f3s a reabilita\u00e7\u00e3o, aprender a montar e planejar uma sess\u00e3o de aula e at\u00e9 mesmo incluir o treinamento funcional dentro do trabalho feito com o pilates.<\/p>\n<p><b>Treinamento mais din\u00e2mico para educadores f\u00edsicos<\/b><\/p>\n<p>A partir do Curso, o profissional de educa\u00e7\u00e3o f\u00edsica vai poder oferecer um treinamento de for\u00e7a com seguran\u00e7a, ensinar trabalhos corretivos, com foco na preven\u00e7\u00e3o de les\u00f5es e dores de desequil\u00edbrios. Al\u00e9m disso, o educador f\u00edsico vai aprender um leque enorme de exerc\u00edcios e processos de avalia\u00e7\u00e3o, periodiza\u00e7\u00e3o e planejamento de aulas para conquistar e estimular ainda mais os alunos. A recomenda\u00e7\u00e3o \u00e9 para todas as \u00e1reas sejam personal trainers, professores de muscula\u00e7\u00e3o ou de est\u00fadios de pilates, treinamento funcional e muitas outras.<\/p>\n<p><b>Novas turmas<\/b><\/p>\n<p>  As inscri\u00e7\u00f5es est\u00e3o abertas para turmas em Florian\u00f3polis, S\u00e3o Paulo e Londrina. Para se inscrever, acesse o <a rel=\"nofollow noopener\" target=\"_blank\" href=\"https:\/\/fitness.mormaii.com.br\/cursos\/?id_ad=5437&amp;utm_source=Site&amp;utm_medium=materia-Mormaii-Oficial-20160524-Produto&amp;utm_campaign=Institucional\">site <\/a><b><\/b><\/p>\n<p><\/p>\n","protected":false},"excerpt":{"rendered":"<p>Os profissionais de fisioterapia e educa\u00e7\u00e3o f\u00edsica que buscam diferenciais para atuar profissionalmente t\u00eam maisum motivo para comemorar. Agora, em apenas dois finais de semana, j\u00e1 \u00e9 poss\u00edvel concluir o curso completo do M\u00e9todo Integrado Mormaii Fitness. O curso desenvolve os profissionais da \u00e1rea fitness a partir de uma metodologia exclusiva para trabalhar com estabilidade, [&hellip;]<\/p>\n","protected":false},"author":3,"featured_media":0,"comment_status":"open","ping_status":"open","sticky":false,"template":"","format":"standard","meta":{"_uag_custom_page_level_css":"","_mi_skip_tracking":false,"footnotes":""},"categories":[914],"tags":[],"class_list":["post-2562","post","type-post","status-publish","format-standard","hentry","category-mormaii"],"acf":[],"uagb_featured_image_src":{"full":false,"thumbnail":false,"medium":false,"medium_large":false,"large":false,"1536x1536":false,"2048x2048":false,"qi_addons_for_elementor_image_size_square":false,"qi_addons_for_elementor_image_size_landscape":false,"qi_addons_for_elementor_image_size_portrait":false,"qi_addons_for_elementor_image_size_huge-square":false},"uagb_author_info":{"display_name":"mormaii_importer","author_link":"https:\/\/www.mormaii.com.br\/site\/author\/mormaii_importer\/"},"uagb_comment_info":0,"uagb_excerpt":"Os profissionais de fisioterapia e educa\u00e7\u00e3o f\u00edsica que buscam diferenciais para atuar profissionalmente t\u00eam maisum motivo para comemorar. Agora, em apenas dois finais de semana, j\u00e1 \u00e9 poss\u00edvel concluir o curso completo do M\u00e9todo Integrado Mormaii Fitness. O curso desenvolve os profissionais da \u00e1rea fitness a partir de uma metodologia exclusiva para trabalhar com estabilidade,&hellip;","_links":{"self":[{"href":"https:\/\/www.mormaii.com.br\/site\/wp-json\/wp\/v2\/posts\/2562"}],"collection":[{"href":"https:\/\/www.mormaii.com.br\/site\/wp-json\/wp\/v2\/posts"}],"about":[{"href":"https:\/\/www.mormaii.com.br\/site\/wp-json\/wp\/v2\/types\/post"}],"author":[{"embeddable":true,"href":"https:\/\/www.mormaii.com.br\/site\/wp-json\/wp\/v2\/users\/3"}],"replies":[{"embeddable":true,"href":"https:\/\/www.mormaii.com.br\/site\/wp-json\/wp\/v2\/comments?post=2562"}],"version-history":[{"count":1,"href":"https:\/\/www.mormaii.com.br\/site\/wp-json\/wp\/v2\/posts\/2562\/revisions"}],"predecessor-version":[{"id":58007,"href":"https:\/\/www.mormaii.com.br\/site\/wp-json\/wp\/v2\/posts\/2562\/revisions\/58007"}],"wp:attachment":[{"href":"https:\/\/www.mormaii.com.br\/site\/wp-json\/wp\/v2\/media?parent=2562"}],"wp:term":[{"taxonomy":"category","embeddable":true,"href":"https:\/\/www.mormaii.com.br\/site\/wp-json\/wp\/v2\/categories?post=2562"},{"taxonomy":"post_tag","embeddable":true,"href":"https:\/\/www.mormaii.com.br\/site\/wp-json\/wp\/v2\/tags?post=2562"}],"curies":[{"name":"wp","href":"https:\/\/api.w.org\/{rel}","templated":true}]}}