{"id":2571,"date":"2016-04-04T13:33:38","date_gmt":"2016-04-04T13:33:38","guid":{"rendered":"http:\/\/www.mormaii.com.br\/site\/?p=2571"},"modified":"2022-06-10T10:43:22","modified_gmt":"2022-06-10T13:43:22","slug":"noticiasblog-segunda-sem-carne-or-salada-morna-de-legumes-assados","status":"publish","type":"post","link":"https:\/\/www.mormaii.com.br\/site\/noticiasblog-segunda-sem-carne-or-salada-morna-de-legumes-assados\/","title":{"rendered":"Blog segunda sem carne | Salada morna de legumes assados"},"content":{"rendered":"<p>Nada de deixar de lado os vegetais nesse clima frio, pensando nisso, segue uma receita saboroso e de f\u00e1cil preparo.<b><\/b><\/p>\n<p>Junte numa forma, cebolas roxas em quartos, cabe\u00e7as de alho (corte a ponta da cabe\u00e7a),tomate cereja, pimentas, ervas, vagens, ervilha torta, cenouras e tomat\u00f5es.<\/p>\n<p>Tempere com sal e pimenta, cubra com azeite e leve ao forno pr\u00e9-aquecido at\u00e9 dourar e amolecer um pouco. N\u00e3o deixe que desmanchem, a ideia \u00e9 manter a textura dos vegetais para que fiquem crocantes e tenros.<\/p>\n<p>Prontinho!!!<\/p>\n<p>fonte foto [ <a data-saferedirecturl=\"https:\/\/www.google.com\/url?hl=pt-BR&#038;q=http:\/\/semmedida.com\/receitas\/receita-salada-morna-de-legumes-assados\/&#038;source=gmail&#038;ust=1464708081962000&#038;usg=AFQjCNHrA41aURWHTVa9A5O3GMp7vDO5Ng\" href=\"http:\/\/semmedida.com\/receitas\/receita-salada-morna-de-legumes-assados\/\" rel=\"nofollow noopener\" target=\"_blank\">semmedida.com ]<\/a><\/p>\n","protected":false},"excerpt":{"rendered":"<p>Nada de deixar de lado os vegetais nesse clima frio, pensando nisso, segue uma receita saboroso e de f\u00e1cil preparo. Junte numa forma, cebolas roxas em quartos, cabe\u00e7as de alho (corte a ponta da cabe\u00e7a),tomate cereja, pimentas, ervas, vagens, ervilha torta, cenouras e tomat\u00f5es. Tempere com sal e pimenta, cubra com azeite e leve ao [&hellip;]<\/p>\n","protected":false},"author":3,"featured_media":0,"comment_status":"open","ping_status":"open","sticky":false,"template":"","format":"standard","meta":{"_uag_custom_page_level_css":"","_mi_skip_tracking":false,"footnotes":""},"categories":[914],"tags":[],"class_list":["post-2571","post","type-post","status-publish","format-standard","hentry","category-mormaii"],"acf":[],"uagb_featured_image_src":{"full":false,"thumbnail":false,"medium":false,"medium_large":false,"large":false,"1536x1536":false,"2048x2048":false,"qi_addons_for_elementor_image_size_square":false,"qi_addons_for_elementor_image_size_landscape":false,"qi_addons_for_elementor_image_size_portrait":false,"qi_addons_for_elementor_image_size_huge-square":false},"uagb_author_info":{"display_name":"mormaii_importer","author_link":"https:\/\/www.mormaii.com.br\/site\/author\/mormaii_importer\/"},"uagb_comment_info":0,"uagb_excerpt":"Nada de deixar de lado os vegetais nesse clima frio, pensando nisso, segue uma receita saboroso e de f\u00e1cil preparo. Junte numa forma, cebolas roxas em quartos, cabe\u00e7as de alho (corte a ponta da cabe\u00e7a),tomate cereja, pimentas, ervas, vagens, ervilha torta, cenouras e tomat\u00f5es. Tempere com sal e pimenta, cubra com azeite e leve ao&hellip;","_links":{"self":[{"href":"https:\/\/www.mormaii.com.br\/site\/wp-json\/wp\/v2\/posts\/2571"}],"collection":[{"href":"https:\/\/www.mormaii.com.br\/site\/wp-json\/wp\/v2\/posts"}],"about":[{"href":"https:\/\/www.mormaii.com.br\/site\/wp-json\/wp\/v2\/types\/post"}],"author":[{"embeddable":true,"href":"https:\/\/www.mormaii.com.br\/site\/wp-json\/wp\/v2\/users\/3"}],"replies":[{"embeddable":true,"href":"https:\/\/www.mormaii.com.br\/site\/wp-json\/wp\/v2\/comments?post=2571"}],"version-history":[{"count":1,"href":"https:\/\/www.mormaii.com.br\/site\/wp-json\/wp\/v2\/posts\/2571\/revisions"}],"predecessor-version":[{"id":57879,"href":"https:\/\/www.mormaii.com.br\/site\/wp-json\/wp\/v2\/posts\/2571\/revisions\/57879"}],"wp:attachment":[{"href":"https:\/\/www.mormaii.com.br\/site\/wp-json\/wp\/v2\/media?parent=2571"}],"wp:term":[{"taxonomy":"category","embeddable":true,"href":"https:\/\/www.mormaii.com.br\/site\/wp-json\/wp\/v2\/categories?post=2571"},{"taxonomy":"post_tag","embeddable":true,"href":"https:\/\/www.mormaii.com.br\/site\/wp-json\/wp\/v2\/tags?post=2571"}],"curies":[{"name":"wp","href":"https:\/\/api.w.org\/{rel}","templated":true}]}}