{"id":2622,"date":"2016-04-04T13:33:38","date_gmt":"2016-04-04T13:33:38","guid":{"rendered":"http:\/\/www.mormaii.com.br\/site\/?p=2622"},"modified":"2022-06-10T10:41:31","modified_gmt":"2022-06-10T13:41:31","slug":"noticiascarlos-burle-e-amigos-na-laje-do-sheraton","status":"publish","type":"post","link":"https:\/\/www.mormaii.com.br\/site\/noticiascarlos-burle-e-amigos-na-laje-do-sheraton\/","title":{"rendered":"Carlos Burle e amigos na Laje do Sheraton"},"content":{"rendered":"<p>Antes de embarcar para <a href=\"http:\/\/www.mormaii.com.br\/noticias\/mais-um-show-de-carlos-burle-no-big-wave-tour\" rel=\"nofollow noopener\" target=\"_blank\">Puerto Escondido<\/a> e fazer mais uma final nas condi\u00e7\u00f5es insanas do Big Wave Tour, <a href=\"http:\/\/www.mormaii.com.br\/atletas\/carlos-burle\" rel=\"nofollow noopener\" target=\"_blank\">Carlos Burle<\/a> participou de uma sess\u00e3o&nbsp;rara em&nbsp;\u00e1guas cariocas.<\/p>\n<p>A Laje do Shareton \u00e9 um dos picos mais m\u00edticos do Rio de Janeiro, pois funciona apenas em dias de ressaca extrema.<\/p>\n<p>Burle marcou presen\u00e7a e surfou \u00f3timas ondas com os amigos, em um cen\u00e1rio que&nbsp;mais parecia Waimea, no Hawaii, do&nbsp;que o pr\u00f3prio Rio de Janeiro.<\/p>\n<p>As imagens e edi\u00e7\u00e3o s\u00e3o de Pedro Fortes e Erick Figueiredo.<\/p>\n","protected":false},"excerpt":{"rendered":"<p>Antes de embarcar para Puerto Escondido e fazer mais uma final nas condi\u00e7\u00f5es insanas do Big Wave Tour, Carlos Burle participou de uma sess\u00e3o&nbsp;rara em&nbsp;\u00e1guas cariocas. A Laje do Shareton \u00e9 um dos picos mais m\u00edticos do Rio de Janeiro, pois funciona apenas em dias de ressaca extrema. Burle marcou presen\u00e7a e surfou \u00f3timas ondas [&hellip;]<\/p>\n","protected":false},"author":3,"featured_media":0,"comment_status":"open","ping_status":"open","sticky":false,"template":"","format":"standard","meta":{"_uag_custom_page_level_css":"","_mi_skip_tracking":false,"footnotes":""},"categories":[914],"tags":[],"class_list":["post-2622","post","type-post","status-publish","format-standard","hentry","category-mormaii"],"acf":[],"uagb_featured_image_src":{"full":false,"thumbnail":false,"medium":false,"medium_large":false,"large":false,"1536x1536":false,"2048x2048":false,"qi_addons_for_elementor_image_size_square":false,"qi_addons_for_elementor_image_size_landscape":false,"qi_addons_for_elementor_image_size_portrait":false,"qi_addons_for_elementor_image_size_huge-square":false},"uagb_author_info":{"display_name":"mormaii_importer","author_link":"https:\/\/www.mormaii.com.br\/site\/author\/mormaii_importer\/"},"uagb_comment_info":0,"uagb_excerpt":"Antes de embarcar para Puerto Escondido e fazer mais uma final nas condi\u00e7\u00f5es insanas do Big Wave Tour, Carlos Burle participou de uma sess\u00e3o&nbsp;rara em&nbsp;\u00e1guas cariocas. A Laje do Shareton \u00e9 um dos picos mais m\u00edticos do Rio de Janeiro, pois funciona apenas em dias de ressaca extrema. Burle marcou presen\u00e7a e surfou \u00f3timas ondas&hellip;","_links":{"self":[{"href":"https:\/\/www.mormaii.com.br\/site\/wp-json\/wp\/v2\/posts\/2622"}],"collection":[{"href":"https:\/\/www.mormaii.com.br\/site\/wp-json\/wp\/v2\/posts"}],"about":[{"href":"https:\/\/www.mormaii.com.br\/site\/wp-json\/wp\/v2\/types\/post"}],"author":[{"embeddable":true,"href":"https:\/\/www.mormaii.com.br\/site\/wp-json\/wp\/v2\/users\/3"}],"replies":[{"embeddable":true,"href":"https:\/\/www.mormaii.com.br\/site\/wp-json\/wp\/v2\/comments?post=2622"}],"version-history":[{"count":1,"href":"https:\/\/www.mormaii.com.br\/site\/wp-json\/wp\/v2\/posts\/2622\/revisions"}],"predecessor-version":[{"id":57778,"href":"https:\/\/www.mormaii.com.br\/site\/wp-json\/wp\/v2\/posts\/2622\/revisions\/57778"}],"wp:attachment":[{"href":"https:\/\/www.mormaii.com.br\/site\/wp-json\/wp\/v2\/media?parent=2622"}],"wp:term":[{"taxonomy":"category","embeddable":true,"href":"https:\/\/www.mormaii.com.br\/site\/wp-json\/wp\/v2\/categories?post=2622"},{"taxonomy":"post_tag","embeddable":true,"href":"https:\/\/www.mormaii.com.br\/site\/wp-json\/wp\/v2\/tags?post=2622"}],"curies":[{"name":"wp","href":"https:\/\/api.w.org\/{rel}","templated":true}]}}