{"id":2640,"date":"2016-04-04T13:33:38","date_gmt":"2016-04-04T13:33:38","guid":{"rendered":"http:\/\/www.mormaii.com.br\/site\/?p=2640"},"modified":"2022-06-10T10:30:29","modified_gmt":"2022-06-10T13:30:29","slug":"noticiaskarol-meyer-conduz-a-tocha-olimpica-em-floripa","status":"publish","type":"post","link":"https:\/\/www.mormaii.com.br\/site\/noticiaskarol-meyer-conduz-a-tocha-olimpica-em-floripa\/","title":{"rendered":"Karol Meyer conduz a tocha ol\u00edmpica em Floripa"},"content":{"rendered":"<p><a href=\"http:\/\/www.mormaii.com.br\/atletas\/karol-meyer\" rel=\"nofollow noopener\" target=\"_blank\">Karol Meyer<\/a>, octa recordista mundial de mergulho, conduziu a Tocha Ol\u00edmpica nesse domingo (10\/07), acompanhada de uma multid\u00e3o pelas ruas de Florian\u00f3polis (SC).<\/p>\n<p class=\"p2\">&#8220;Para quem ama os esportes como eu, foi um momento \u00fanico! Me sinto honrada em poder conduzir a tocha ol\u00edmpica e sua chama que representa os valores positivos que o homem associou ao fogo: vida, liberdade e inventividade.&nbsp;Fazer parte deste momento \u00e9 poder resgatar a hist\u00f3ria da humanidade e sua paix\u00e3o pelos esportes. Os jogos ol\u00edmpicos eram anunciados e existia at\u00e9 mesmo a tr\u00e9gua entre os povos.&nbsp;Que o esp\u00edrito ol\u00edmpico seja eterno\u201d, declara a mergulhadora<span class=\"s1\">.<\/span><\/p>\n<p class=\"p1\">Recentemente, Karol recebeu o trof\u00e9u de reconhecimento como a atleta com o maior n\u00famero de recordes mundiais da hist\u00f3ria desportiva do Brasil, entre eles, a incr\u00edvel marca de 18min32min59&nbsp;sem respirar.<\/p>\n<p class=\"p1\">&#8220;A marca \u00e9 a do Guinnes Book, mas eu j\u00e1 fiz 21 minutos com a minha irm\u00e3 me acompanhando. O engra\u00e7ado \u00e9 que foi mais f\u00e1cil do que no dia que mediram para o Livro dos Recordes. A marca de 121 metros de profundidade \u00e9 um neg\u00f3cio muito arriscado, poucas pessoas foram e \u00e9 uma coisa que voc\u00ea n\u00e3o sabe o que vai acontecer&#8221;, afirma.<\/p>\n<p class=\"p1\">Abaixo, voc\u00ea assiste ao v\u00eddeo da Karol conduzindo a Tocha pelas ruas de Floripa e divide com ela toda essa&nbsp;alegria.<\/p>\n<p><\/p>\n<p><iframe loading=\"lazy\" width=\"840\" height=\"473\" src=\"https:\/\/www.youtube.com\/embed\/BLCFoC_fe7M?rel=0&amp;showinfo=0\" frameborder=\"0\" allowfullscreen=\"\"><\/iframe><\/p>\n<p>[Foto: <a href=\"http:\/\/nissannews.com\/pt\/nissan\/brasil\" rel=\"nofollow noopener\" target=\"_blank\">Nissan News<\/a>]<\/p>\n","protected":false},"excerpt":{"rendered":"<p>Karol Meyer, octa recordista mundial de mergulho, conduziu a Tocha Ol\u00edmpica nesse domingo (10\/07), acompanhada de uma multid\u00e3o pelas ruas de Florian\u00f3polis (SC). &#8220;Para quem ama os esportes como eu, foi um momento \u00fanico! Me sinto honrada em poder conduzir a tocha ol\u00edmpica e sua chama que representa os valores positivos que o homem associou [&hellip;]<\/p>\n","protected":false},"author":3,"featured_media":0,"comment_status":"open","ping_status":"open","sticky":false,"template":"","format":"standard","meta":{"_uag_custom_page_level_css":"","_mi_skip_tracking":false,"footnotes":""},"categories":[914],"tags":[],"class_list":["post-2640","post","type-post","status-publish","format-standard","hentry","category-mormaii"],"acf":[],"uagb_featured_image_src":{"full":false,"thumbnail":false,"medium":false,"medium_large":false,"large":false,"1536x1536":false,"2048x2048":false,"qi_addons_for_elementor_image_size_square":false,"qi_addons_for_elementor_image_size_landscape":false,"qi_addons_for_elementor_image_size_portrait":false,"qi_addons_for_elementor_image_size_huge-square":false},"uagb_author_info":{"display_name":"mormaii_importer","author_link":"https:\/\/www.mormaii.com.br\/site\/author\/mormaii_importer\/"},"uagb_comment_info":0,"uagb_excerpt":"Karol Meyer, octa recordista mundial de mergulho, conduziu a Tocha Ol\u00edmpica nesse domingo (10\/07), acompanhada de uma multid\u00e3o pelas ruas de Florian\u00f3polis (SC). &#8220;Para quem ama os esportes como eu, foi um momento \u00fanico! Me sinto honrada em poder conduzir a tocha ol\u00edmpica e sua chama que representa os valores positivos que o homem associou&hellip;","_links":{"self":[{"href":"https:\/\/www.mormaii.com.br\/site\/wp-json\/wp\/v2\/posts\/2640"}],"collection":[{"href":"https:\/\/www.mormaii.com.br\/site\/wp-json\/wp\/v2\/posts"}],"about":[{"href":"https:\/\/www.mormaii.com.br\/site\/wp-json\/wp\/v2\/types\/post"}],"author":[{"embeddable":true,"href":"https:\/\/www.mormaii.com.br\/site\/wp-json\/wp\/v2\/users\/3"}],"replies":[{"embeddable":true,"href":"https:\/\/www.mormaii.com.br\/site\/wp-json\/wp\/v2\/comments?post=2640"}],"version-history":[{"count":1,"href":"https:\/\/www.mormaii.com.br\/site\/wp-json\/wp\/v2\/posts\/2640\/revisions"}],"predecessor-version":[{"id":57425,"href":"https:\/\/www.mormaii.com.br\/site\/wp-json\/wp\/v2\/posts\/2640\/revisions\/57425"}],"wp:attachment":[{"href":"https:\/\/www.mormaii.com.br\/site\/wp-json\/wp\/v2\/media?parent=2640"}],"wp:term":[{"taxonomy":"category","embeddable":true,"href":"https:\/\/www.mormaii.com.br\/site\/wp-json\/wp\/v2\/categories?post=2640"},{"taxonomy":"post_tag","embeddable":true,"href":"https:\/\/www.mormaii.com.br\/site\/wp-json\/wp\/v2\/tags?post=2640"}],"curies":[{"name":"wp","href":"https:\/\/api.w.org\/{rel}","templated":true}]}}