{"id":2707,"date":"2016-04-04T13:33:38","date_gmt":"2016-04-04T13:33:38","guid":{"rendered":"http:\/\/www.mormaii.com.br\/site\/?p=2707"},"modified":"2022-06-10T10:41:31","modified_gmt":"2022-06-10T13:41:31","slug":"noticiascarlos-burle-e-a-6a-temporada-de-desejar-profundo","status":"publish","type":"post","link":"https:\/\/www.mormaii.com.br\/site\/noticiascarlos-burle-e-a-6a-temporada-de-desejar-profundo\/","title":{"rendered":"Carlos Burle e a 6\u00aa temporada de Desejar Profundo"},"content":{"rendered":"<p><a href=\"http:\/\/www.mormaii.com.br\/atletas\/carlos-burle\" rel=\"nofollow noopener\" target=\"_blank\">Carlos Burle<\/a> n\u00e3o para e segue firme na busca pela m\u00edtica onda de 100 p\u00e9s, agora na sexta temporada de \u201cDesejar&nbsp;Profundo\u201d, que estreia hoje, dia 29 de agosto,&nbsp;segunda-feira, \u00e0s 22h,&nbsp;no Canal OFF.<\/p>\n<p>Acompanhado da nova gera\u00e7\u00e3o de big riders brasileiros, o bicampe\u00e3o mundial de ondas gigantes&nbsp;encara as maiores ondula\u00e7\u00f5es no Hava\u00ed, M\u00e9xico, Portugal e&nbsp;Brasil, em uma temporada que ficou marcada pela presen\u00e7a impactante do fen\u00f4meno El Ni\u00f1o.&nbsp;<\/p>\n<p>Com 13 epis\u00f3dios, a s\u00e9rie \u00e9 uma parceria da FITI Produ\u00e7\u00f5es com o Canal OFF.<\/p>\n<p>\u201cO \u2018Desejar Profundo\u2019 e o Carlos Burle atleta se desenvolveram muito ao longo destes seis anos de programa. Assim&nbsp;como o Circuito Mundial de Ondas Grandes, pelo qual lutei a minha vida inteira para acontecer e n\u00f3s registramos na&nbsp;s\u00e9rie. \u00c9 uma realiza\u00e7\u00e3o plena! Estar neste projeto bem-sucedido me traz uma sensa\u00e7\u00e3o muito boa de que estou no&nbsp;caminho certo\u201d, comemora Burle.<\/p>\n<p>A seguir, voc\u00ea assiste dois&nbsp;v\u00eddeos&nbsp;com&nbsp;o perfil do pernambucano e sua trajet\u00f3ria no universo de&nbsp;adrenalina e sabedoria das ondas gigantes.<\/p>\n<p><\/p>\n<p><iframe loading=\"lazy\" width=\"840\" height=\"473\" src=\"https:\/\/www.youtube.com\/embed\/m0dInExSjKM?rel=0&amp;showinfo=0\" frameborder=\"0\" allowfullscreen=\"\"><\/iframe><\/p>\n<p><\/p>\n<div><iframe loading=\"lazy\" width=\"840\" height=\"473\" src=\"https:\/\/www.youtube.com\/embed\/MVL_dBkIJFw?rel=0&amp;showinfo=0\" frameborder=\"0\" allowfullscreen=\"\"><\/iframe><\/div>\n","protected":false},"excerpt":{"rendered":"<p>Carlos Burle n\u00e3o para e segue firme na busca pela m\u00edtica onda de 100 p\u00e9s, agora na sexta temporada de \u201cDesejar&nbsp;Profundo\u201d, que estreia hoje, dia 29 de agosto,&nbsp;segunda-feira, \u00e0s 22h,&nbsp;no Canal OFF. Acompanhado da nova gera\u00e7\u00e3o de big riders brasileiros, o bicampe\u00e3o mundial de ondas gigantes&nbsp;encara as maiores ondula\u00e7\u00f5es no Hava\u00ed, M\u00e9xico, Portugal e&nbsp;Brasil, em [&hellip;]<\/p>\n","protected":false},"author":3,"featured_media":0,"comment_status":"open","ping_status":"open","sticky":false,"template":"","format":"standard","meta":{"_uag_custom_page_level_css":"","_mi_skip_tracking":false,"footnotes":""},"categories":[914],"tags":[],"class_list":["post-2707","post","type-post","status-publish","format-standard","hentry","category-mormaii"],"acf":[],"uagb_featured_image_src":{"full":false,"thumbnail":false,"medium":false,"medium_large":false,"large":false,"1536x1536":false,"2048x2048":false,"qi_addons_for_elementor_image_size_square":false,"qi_addons_for_elementor_image_size_landscape":false,"qi_addons_for_elementor_image_size_portrait":false,"qi_addons_for_elementor_image_size_huge-square":false},"uagb_author_info":{"display_name":"mormaii_importer","author_link":"https:\/\/www.mormaii.com.br\/site\/author\/mormaii_importer\/"},"uagb_comment_info":0,"uagb_excerpt":"Carlos Burle n\u00e3o para e segue firme na busca pela m\u00edtica onda de 100 p\u00e9s, agora na sexta temporada de \u201cDesejar&nbsp;Profundo\u201d, que estreia hoje, dia 29 de agosto,&nbsp;segunda-feira, \u00e0s 22h,&nbsp;no Canal OFF. Acompanhado da nova gera\u00e7\u00e3o de big riders brasileiros, o bicampe\u00e3o mundial de ondas gigantes&nbsp;encara as maiores ondula\u00e7\u00f5es no Hava\u00ed, M\u00e9xico, Portugal e&nbsp;Brasil, em&hellip;","_links":{"self":[{"href":"https:\/\/www.mormaii.com.br\/site\/wp-json\/wp\/v2\/posts\/2707"}],"collection":[{"href":"https:\/\/www.mormaii.com.br\/site\/wp-json\/wp\/v2\/posts"}],"about":[{"href":"https:\/\/www.mormaii.com.br\/site\/wp-json\/wp\/v2\/types\/post"}],"author":[{"embeddable":true,"href":"https:\/\/www.mormaii.com.br\/site\/wp-json\/wp\/v2\/users\/3"}],"replies":[{"embeddable":true,"href":"https:\/\/www.mormaii.com.br\/site\/wp-json\/wp\/v2\/comments?post=2707"}],"version-history":[{"count":1,"href":"https:\/\/www.mormaii.com.br\/site\/wp-json\/wp\/v2\/posts\/2707\/revisions"}],"predecessor-version":[{"id":57780,"href":"https:\/\/www.mormaii.com.br\/site\/wp-json\/wp\/v2\/posts\/2707\/revisions\/57780"}],"wp:attachment":[{"href":"https:\/\/www.mormaii.com.br\/site\/wp-json\/wp\/v2\/media?parent=2707"}],"wp:term":[{"taxonomy":"category","embeddable":true,"href":"https:\/\/www.mormaii.com.br\/site\/wp-json\/wp\/v2\/categories?post=2707"},{"taxonomy":"post_tag","embeddable":true,"href":"https:\/\/www.mormaii.com.br\/site\/wp-json\/wp\/v2\/tags?post=2707"}],"curies":[{"name":"wp","href":"https:\/\/api.w.org\/{rel}","templated":true}]}}