{"id":2722,"date":"2016-04-04T13:33:38","date_gmt":"2016-04-04T13:33:38","guid":{"rendered":"http:\/\/www.mormaii.com.br\/site\/?p=2722"},"modified":"2022-06-10T10:31:34","modified_gmt":"2022-06-10T13:31:34","slug":"noticiasian-gouveia-nas-finais-do-azores-pro","status":"publish","type":"post","link":"https:\/\/www.mormaii.com.br\/site\/noticiasian-gouveia-nas-finais-do-azores-pro\/","title":{"rendered":"Ian Gouveia nas finais do Azores Pro"},"content":{"rendered":"<p><a href=\"http:\/\/www.mormaii.com.br\/atletas\/ian-gouveia\" rel=\"nofollow noopener\" target=\"_blank\">Ian Gouveia<\/a> est\u00e1 nas quartas de final do Azores Airlines Pro, etapa do Qualifying Series que est\u00e1 rolando ao vivo de S\u00e3o Miguel do Azores, Portugal.<\/p>\n<p>O evento distribui 6 mil pontos na divis\u00e3o de acesso ao World Tour e U$150.000,00 em premia\u00e7\u00e3o.<\/p>\n<p>Ian j\u00e1&nbsp;venceu sua bateria no round 5 e&nbsp;volta pra \u00e1gua logo mais contra&nbsp;Yago Dora, disputa que promete um verdadeiro show de manobras.<\/p>\n<p>A seguir voc\u00ea assiste ao v\u00eddeo com os melhores momentos do terceiro dia de provas.<\/p>\n<p><\/p>\n<p><iframe loading=\"lazy\" width=\"840\" height=\"473\" src=\"https:\/\/www.youtube.com\/embed\/Jj2fhi00LCQ?rel=0&amp;showinfo=0\" frameborder=\"0\" allowfullscreen=\"\"><\/iframe><\/p>\n<p><a href=\"http:\/\/www.worldsurfleague.com\/events\/2016\/mqs\/1494\/azores-airlines-pro\/live\" rel=\"nofollow noopener\" target=\"_blank\">Clique no link e tor\u00e7a ao vivo pelos brasileiros.<\/a><\/p>\n<p>[Foto: WSL\/Laurent Masurel]<\/p>\n","protected":false},"excerpt":{"rendered":"<p>Ian Gouveia est\u00e1 nas quartas de final do Azores Airlines Pro, etapa do Qualifying Series que est\u00e1 rolando ao vivo de S\u00e3o Miguel do Azores, Portugal. O evento distribui 6 mil pontos na divis\u00e3o de acesso ao World Tour e U$150.000,00 em premia\u00e7\u00e3o. Ian j\u00e1&nbsp;venceu sua bateria no round 5 e&nbsp;volta pra \u00e1gua logo mais [&hellip;]<\/p>\n","protected":false},"author":3,"featured_media":0,"comment_status":"open","ping_status":"open","sticky":false,"template":"","format":"standard","meta":{"_uag_custom_page_level_css":"","_mi_skip_tracking":false,"footnotes":""},"categories":[914],"tags":[],"class_list":["post-2722","post","type-post","status-publish","format-standard","hentry","category-mormaii"],"acf":[],"uagb_featured_image_src":{"full":false,"thumbnail":false,"medium":false,"medium_large":false,"large":false,"1536x1536":false,"2048x2048":false,"qi_addons_for_elementor_image_size_square":false,"qi_addons_for_elementor_image_size_landscape":false,"qi_addons_for_elementor_image_size_portrait":false,"qi_addons_for_elementor_image_size_huge-square":false},"uagb_author_info":{"display_name":"mormaii_importer","author_link":"https:\/\/www.mormaii.com.br\/site\/author\/mormaii_importer\/"},"uagb_comment_info":0,"uagb_excerpt":"Ian Gouveia est\u00e1 nas quartas de final do Azores Airlines Pro, etapa do Qualifying Series que est\u00e1 rolando ao vivo de S\u00e3o Miguel do Azores, Portugal. O evento distribui 6 mil pontos na divis\u00e3o de acesso ao World Tour e U$150.000,00 em premia\u00e7\u00e3o. Ian j\u00e1&nbsp;venceu sua bateria no round 5 e&nbsp;volta pra \u00e1gua logo mais&hellip;","_links":{"self":[{"href":"https:\/\/www.mormaii.com.br\/site\/wp-json\/wp\/v2\/posts\/2722"}],"collection":[{"href":"https:\/\/www.mormaii.com.br\/site\/wp-json\/wp\/v2\/posts"}],"about":[{"href":"https:\/\/www.mormaii.com.br\/site\/wp-json\/wp\/v2\/types\/post"}],"author":[{"embeddable":true,"href":"https:\/\/www.mormaii.com.br\/site\/wp-json\/wp\/v2\/users\/3"}],"replies":[{"embeddable":true,"href":"https:\/\/www.mormaii.com.br\/site\/wp-json\/wp\/v2\/comments?post=2722"}],"version-history":[{"count":1,"href":"https:\/\/www.mormaii.com.br\/site\/wp-json\/wp\/v2\/posts\/2722\/revisions"}],"predecessor-version":[{"id":57464,"href":"https:\/\/www.mormaii.com.br\/site\/wp-json\/wp\/v2\/posts\/2722\/revisions\/57464"}],"wp:attachment":[{"href":"https:\/\/www.mormaii.com.br\/site\/wp-json\/wp\/v2\/media?parent=2722"}],"wp:term":[{"taxonomy":"category","embeddable":true,"href":"https:\/\/www.mormaii.com.br\/site\/wp-json\/wp\/v2\/categories?post=2722"},{"taxonomy":"post_tag","embeddable":true,"href":"https:\/\/www.mormaii.com.br\/site\/wp-json\/wp\/v2\/tags?post=2722"}],"curies":[{"name":"wp","href":"https:\/\/api.w.org\/{rel}","templated":true}]}}