{"id":2725,"date":"2016-04-04T13:33:38","date_gmt":"2016-04-04T13:33:38","guid":{"rendered":"http:\/\/www.mormaii.com.br\/site\/?p=2725"},"modified":"2022-06-10T10:32:08","modified_gmt":"2022-06-10T13:32:08","slug":"noticiasian-gouveia-e-campeao-do-azores-pro-2016","status":"publish","type":"post","link":"https:\/\/www.mormaii.com.br\/site\/noticiasian-gouveia-e-campeao-do-azores-pro-2016\/","title":{"rendered":"Ian Gouveia \u00e9 campe\u00e3o do Azores Pro 2016"},"content":{"rendered":"<p><a href=\"http:\/\/www.mormaii.com.br\/atletas\/ian-gouveia\" rel=\"nofollow noopener\" target=\"_blank\">Ian Gouveia<\/a> \u00e9 campe\u00e3o do&nbsp;Azores Airlines Pro, realizado na praia de Monte Verde, em San Miguel dos Azores, Portugal.<\/p>\n<p class=\"p1\">Com a vit\u00f3ria, o brasileiro faturou&nbsp;U$25.000,00 em premia\u00e7\u00e3o e 6.000 pontos no ranking do Qualifying Series, pulando da 35\u00aa para a 9\u00aa coloca\u00e7\u00e3o na divis\u00e3o de acesso ao WT, posi\u00e7\u00e3o que lhe garantiria, caso o circuito acabasse hoje, uma vaga na elite do surf mundial 2017.<\/p>\n<p><img decoding=\"async\" class=\"fr-fin\" alt=\"Image title\" src=\"https:\/\/s3-sa-east-1.amazonaws.com\/cdnmormaii\/uploads\/postImages\/57d53ba8435d9ab6156a38d0\/ianmormaii.jpg\" width=\"840\"><\/p>\n<p class=\"p1\">Ian venceu todas suas baterias durante a competi\u00e7\u00e3o&nbsp;com um surf agressivo e muita personalidade, parece que o p\u00f3dio na Espanha trouxe a confian\u00e7a que precisava.<\/p>\n<p class=\"p1\">\u201cEstou muito feliz em manter um bom ritmo ap\u00f3s a final em Pantin. Honestamente, eu n\u00e3o estaria feliz com outro resultado que n\u00e3o fosse o 1\u00ba lugar. \u00c9 surreal, essa foi a maior vit\u00f3ria da minha carreira e ir\u00e1 mudar os rumos da minha temporada. Eu normalmente fico entre os 100 primeiros do ranking e finalmente vou brigar pela classifica\u00e7\u00e3o\u201d, comemora Ian.<\/p>\n<p class=\"p1\">\u201cMeu objetivo agora \u00e9 manter a boa sequ\u00eancia, ir bem em Cascais e ver o que o restante do ano apresenta. N\u00e3o tenho como agradecer o suficiente minha fam\u00edlia e amigos, e a galera que est\u00e1 aqui comigo, somos uma grande fam\u00edlia e ter o apoio deles \u00e9 fundamental\u201d, completa.<\/p>\n<p class=\"p1\">A seguir, voc\u00ea assiste ao v\u00eddeo da vit\u00f3ria e a comemora\u00e7\u00e3o brasileira em Portugal.<\/p>\n<p class=\"p1\"><\/p>\n<p><iframe loading=\"lazy\" width=\"840\" height=\"473\" src=\"https:\/\/www.youtube.com\/embed\/Q4OSMdEvvhQ?rel=0&amp;showinfo=0\" frameborder=\"0\" allowfullscreen=\"\"><\/iframe><\/p>\n<p class=\"p2\">[Fotos: WSL\/Laurent Masurel]<\/p>\n","protected":false},"excerpt":{"rendered":"<p>Ian Gouveia \u00e9 campe\u00e3o do&nbsp;Azores Airlines Pro, realizado na praia de Monte Verde, em San Miguel dos Azores, Portugal. Com a vit\u00f3ria, o brasileiro faturou&nbsp;U$25.000,00 em premia\u00e7\u00e3o e 6.000 pontos no ranking do Qualifying Series, pulando da 35\u00aa para a 9\u00aa coloca\u00e7\u00e3o na divis\u00e3o de acesso ao WT, posi\u00e7\u00e3o que lhe garantiria, caso o circuito [&hellip;]<\/p>\n","protected":false},"author":3,"featured_media":0,"comment_status":"open","ping_status":"open","sticky":false,"template":"","format":"standard","meta":{"_uag_custom_page_level_css":"","_mi_skip_tracking":false,"footnotes":""},"categories":[914],"tags":[],"class_list":["post-2725","post","type-post","status-publish","format-standard","hentry","category-mormaii"],"acf":[],"uagb_featured_image_src":{"full":false,"thumbnail":false,"medium":false,"medium_large":false,"large":false,"1536x1536":false,"2048x2048":false,"qi_addons_for_elementor_image_size_square":false,"qi_addons_for_elementor_image_size_landscape":false,"qi_addons_for_elementor_image_size_portrait":false,"qi_addons_for_elementor_image_size_huge-square":false},"uagb_author_info":{"display_name":"mormaii_importer","author_link":"https:\/\/www.mormaii.com.br\/site\/author\/mormaii_importer\/"},"uagb_comment_info":0,"uagb_excerpt":"Ian Gouveia \u00e9 campe\u00e3o do&nbsp;Azores Airlines Pro, realizado na praia de Monte Verde, em San Miguel dos Azores, Portugal. Com a vit\u00f3ria, o brasileiro faturou&nbsp;U$25.000,00 em premia\u00e7\u00e3o e 6.000 pontos no ranking do Qualifying Series, pulando da 35\u00aa para a 9\u00aa coloca\u00e7\u00e3o na divis\u00e3o de acesso ao WT, posi\u00e7\u00e3o que lhe garantiria, caso o circuito&hellip;","_links":{"self":[{"href":"https:\/\/www.mormaii.com.br\/site\/wp-json\/wp\/v2\/posts\/2725"}],"collection":[{"href":"https:\/\/www.mormaii.com.br\/site\/wp-json\/wp\/v2\/posts"}],"about":[{"href":"https:\/\/www.mormaii.com.br\/site\/wp-json\/wp\/v2\/types\/post"}],"author":[{"embeddable":true,"href":"https:\/\/www.mormaii.com.br\/site\/wp-json\/wp\/v2\/users\/3"}],"replies":[{"embeddable":true,"href":"https:\/\/www.mormaii.com.br\/site\/wp-json\/wp\/v2\/comments?post=2725"}],"version-history":[{"count":1,"href":"https:\/\/www.mormaii.com.br\/site\/wp-json\/wp\/v2\/posts\/2725\/revisions"}],"predecessor-version":[{"id":57483,"href":"https:\/\/www.mormaii.com.br\/site\/wp-json\/wp\/v2\/posts\/2725\/revisions\/57483"}],"wp:attachment":[{"href":"https:\/\/www.mormaii.com.br\/site\/wp-json\/wp\/v2\/media?parent=2725"}],"wp:term":[{"taxonomy":"category","embeddable":true,"href":"https:\/\/www.mormaii.com.br\/site\/wp-json\/wp\/v2\/categories?post=2725"},{"taxonomy":"post_tag","embeddable":true,"href":"https:\/\/www.mormaii.com.br\/site\/wp-json\/wp\/v2\/tags?post=2725"}],"curies":[{"name":"wp","href":"https:\/\/api.w.org\/{rel}","templated":true}]}}