{"id":2736,"date":"2016-04-04T13:33:38","date_gmt":"2016-04-04T13:33:38","guid":{"rendered":"http:\/\/www.mormaii.com.br\/site\/?p=2736"},"modified":"2022-06-10T10:21:42","modified_gmt":"2022-06-10T13:21:42","slug":"noticiasno-oscar-fashion-days-2016-a-mormaii-vai-brilhar","status":"publish","type":"post","link":"https:\/\/www.mormaii.com.br\/site\/noticiasno-oscar-fashion-days-2016-a-mormaii-vai-brilhar\/","title":{"rendered":"No Oscar Fashion Days 2016, a Mormaii vai brilhar!"},"content":{"rendered":"<p>S\u00e3o Jos\u00e9 dos Campos, S\u00e3o Paulo, mais uma vez ser\u00e1 palco de um dos maiores eventos de moda do Brasil. \u00c9 a 14<sup>a<\/sup> edi\u00e7\u00e3o do Oscar Fashion Days, que acontece nos dias 22, 23 e 24 de setembro no estacionamento do Colinas Shopping. E \u00e9 claro que a Mormaii vai ser um dos grandes destaques, com muitas novidades.<\/p>\n<p>A Mormaii vai abrir o evento com um desfile imperd\u00edvel! J\u00e1 no primeiro dia, os cal\u00e7ados Mormaii v\u00e3o dar um verdadeiro show nas passarelas, com lan\u00e7amentos incr\u00edveis, al\u00e9m de roupas e acess\u00f3rios da cole\u00e7\u00e3o Primavera \/ Ver\u00e3o 2017.<\/p>\n<p>E, pelo segundo ano seguido, o ator Global <b>R\u00f4mulo Neto<\/b> ir\u00e1 desfilar com diversos produtos da nossa marca.<\/p>\n<p>Os cal\u00e7ados Mormaii est\u00e3o em todas as lojas Oscar Cal\u00e7ados. Para participar do evento, v\u00e1 at\u00e9 uma dessas lojas e troque uma lata ou pacote de leite em p\u00f3 por um par de ingressos.<\/p>\n<p>Venha curtir! conhe\u00e7a mais&nbsp;no link&nbsp; <a href=\"http:\/\/www.oscarcalcados.com.br\/oscarfashiondays\" rel=\"nofollow noopener\" target=\"_blank\">www.oscarcalcados.com.br\/oscarfashiondays<br \/><\/a><\/p>\n<p>Sinta-se Mormaii.<\/p>\n<p><\/p>\n","protected":false},"excerpt":{"rendered":"<p>S\u00e3o Jos\u00e9 dos Campos, S\u00e3o Paulo, mais uma vez ser\u00e1 palco de um dos maiores eventos de moda do Brasil. \u00c9 a 14a edi\u00e7\u00e3o do Oscar Fashion Days, que acontece nos dias 22, 23 e 24 de setembro no estacionamento do Colinas Shopping. E \u00e9 claro que a Mormaii vai ser um dos grandes destaques, [&hellip;]<\/p>\n","protected":false},"author":3,"featured_media":0,"comment_status":"open","ping_status":"open","sticky":false,"template":"","format":"standard","meta":{"_uag_custom_page_level_css":"","_mi_skip_tracking":false,"footnotes":""},"categories":[914],"tags":[],"class_list":["post-2736","post","type-post","status-publish","format-standard","hentry","category-mormaii"],"acf":[],"uagb_featured_image_src":{"full":false,"thumbnail":false,"medium":false,"medium_large":false,"large":false,"1536x1536":false,"2048x2048":false,"qi_addons_for_elementor_image_size_square":false,"qi_addons_for_elementor_image_size_landscape":false,"qi_addons_for_elementor_image_size_portrait":false,"qi_addons_for_elementor_image_size_huge-square":false},"uagb_author_info":{"display_name":"mormaii_importer","author_link":"https:\/\/www.mormaii.com.br\/site\/author\/mormaii_importer\/"},"uagb_comment_info":0,"uagb_excerpt":"S\u00e3o Jos\u00e9 dos Campos, S\u00e3o Paulo, mais uma vez ser\u00e1 palco de um dos maiores eventos de moda do Brasil. \u00c9 a 14a edi\u00e7\u00e3o do Oscar Fashion Days, que acontece nos dias 22, 23 e 24 de setembro no estacionamento do Colinas Shopping. E \u00e9 claro que a Mormaii vai ser um dos grandes destaques,&hellip;","_links":{"self":[{"href":"https:\/\/www.mormaii.com.br\/site\/wp-json\/wp\/v2\/posts\/2736"}],"collection":[{"href":"https:\/\/www.mormaii.com.br\/site\/wp-json\/wp\/v2\/posts"}],"about":[{"href":"https:\/\/www.mormaii.com.br\/site\/wp-json\/wp\/v2\/types\/post"}],"author":[{"embeddable":true,"href":"https:\/\/www.mormaii.com.br\/site\/wp-json\/wp\/v2\/users\/3"}],"replies":[{"embeddable":true,"href":"https:\/\/www.mormaii.com.br\/site\/wp-json\/wp\/v2\/comments?post=2736"}],"version-history":[{"count":1,"href":"https:\/\/www.mormaii.com.br\/site\/wp-json\/wp\/v2\/posts\/2736\/revisions"}],"predecessor-version":[{"id":57129,"href":"https:\/\/www.mormaii.com.br\/site\/wp-json\/wp\/v2\/posts\/2736\/revisions\/57129"}],"wp:attachment":[{"href":"https:\/\/www.mormaii.com.br\/site\/wp-json\/wp\/v2\/media?parent=2736"}],"wp:term":[{"taxonomy":"category","embeddable":true,"href":"https:\/\/www.mormaii.com.br\/site\/wp-json\/wp\/v2\/categories?post=2736"},{"taxonomy":"post_tag","embeddable":true,"href":"https:\/\/www.mormaii.com.br\/site\/wp-json\/wp\/v2\/tags?post=2736"}],"curies":[{"name":"wp","href":"https:\/\/api.w.org\/{rel}","templated":true}]}}