{"id":2791,"date":"2016-04-04T13:33:38","date_gmt":"2016-04-04T13:33:38","guid":{"rendered":"http:\/\/www.mormaii.com.br\/site\/?p=2791"},"modified":"2022-06-10T10:42:49","modified_gmt":"2022-06-10T13:42:49","slug":"noticiasburle-e-maya-abrem-os-trabalhos-em-portugal","status":"publish","type":"post","link":"https:\/\/www.mormaii.com.br\/site\/noticiasburle-e-maya-abrem-os-trabalhos-em-portugal\/","title":{"rendered":"Burle e Maya abrem os trabalhos em Portugal"},"content":{"rendered":"<p><a href=\"http:\/\/www.mormaii.com.br\/atletas\/carlos-burle\" target=\"_blank\" rel=\"nofollow noopener\">Carlos Burle <\/a>e <a href=\"http:\/\/www.mormaii.com.br\/atletas\/maya-gabeira\" target=\"_blank\" rel=\"nofollow noopener\">Maya Gabeira <\/a> chegaram cedo em Nazar\u00e9 e est\u00e3o colhendo os frutos do seu trabalho e dedica\u00e7\u00e3o.<\/p>\n<p>Nessa segunda-feira, dia 24 de outubro, surfaram as primeiras ondas gigantes da temporada na Praia do Norte, em Portugal.<\/p>\n<p>Tudo ocorreu conforme o planejado,&nbsp;o time brazuca&nbsp;fez a cabe\u00e7a e voltou pra casa s\u00e3o e salvo.<\/p>\n<p>Ap\u00f3s tr\u00eas cirurgias na coluna e ainda em reabilita\u00e7\u00e3o, Maya desceu a primeira bomba da sua temporada 2016\/2017 de ondas gigantes. <\/p>\n<p>Burle dropou uma&nbsp;montanha de direita e j\u00e1 est\u00e1 concorrendo ao XXL Big Wave Awards na categoria Maior Onda.<\/p>\n<p>A dupla&nbsp;permanece em Portugal at\u00e9 dezembro, quando migra para o Hawaii.<\/p>\n<p>Assista ao v\u00eddeo in\u00e9dito e fique ligado no site da Mormaii para mais novidades e muita a\u00e7\u00e3o.<\/p>\n<p><\/p>\n<p><iframe loading=\"lazy\" width=\"840\" height=\"473\" src=\"https:\/\/player.vimeo.com\/video\/188891762?color=c9ff23&amp;byline=0&amp;portrait=0\" frameborder=\"0\" allowfullscreen=\"\" mozallowfullscreen=\"\" webkitallowfullscreen=\"\"><\/iframe><\/p>\n<p>[Foto: WSL\/Bruno Aleixo \/\/ Imagens: Pedro Santos Ribeiro]<\/p>\n","protected":false},"excerpt":{"rendered":"<p>Carlos Burle e Maya Gabeira chegaram cedo em Nazar\u00e9 e est\u00e3o colhendo os frutos do seu trabalho e dedica\u00e7\u00e3o. Nessa segunda-feira, dia 24 de outubro, surfaram as primeiras ondas gigantes da temporada na Praia do Norte, em Portugal. Tudo ocorreu conforme o planejado,&nbsp;o time brazuca&nbsp;fez a cabe\u00e7a e voltou pra casa s\u00e3o e salvo. Ap\u00f3s [&hellip;]<\/p>\n","protected":false},"author":3,"featured_media":0,"comment_status":"open","ping_status":"open","sticky":false,"template":"","format":"standard","meta":{"_uag_custom_page_level_css":"","_mi_skip_tracking":false,"footnotes":""},"categories":[914],"tags":[],"class_list":["post-2791","post","type-post","status-publish","format-standard","hentry","category-mormaii"],"acf":[],"uagb_featured_image_src":{"full":false,"thumbnail":false,"medium":false,"medium_large":false,"large":false,"1536x1536":false,"2048x2048":false,"qi_addons_for_elementor_image_size_square":false,"qi_addons_for_elementor_image_size_landscape":false,"qi_addons_for_elementor_image_size_portrait":false,"qi_addons_for_elementor_image_size_huge-square":false},"uagb_author_info":{"display_name":"mormaii_importer","author_link":"https:\/\/www.mormaii.com.br\/site\/author\/mormaii_importer\/"},"uagb_comment_info":0,"uagb_excerpt":"Carlos Burle e Maya Gabeira chegaram cedo em Nazar\u00e9 e est\u00e3o colhendo os frutos do seu trabalho e dedica\u00e7\u00e3o. Nessa segunda-feira, dia 24 de outubro, surfaram as primeiras ondas gigantes da temporada na Praia do Norte, em Portugal. Tudo ocorreu conforme o planejado,&nbsp;o time brazuca&nbsp;fez a cabe\u00e7a e voltou pra casa s\u00e3o e salvo. Ap\u00f3s&hellip;","_links":{"self":[{"href":"https:\/\/www.mormaii.com.br\/site\/wp-json\/wp\/v2\/posts\/2791"}],"collection":[{"href":"https:\/\/www.mormaii.com.br\/site\/wp-json\/wp\/v2\/posts"}],"about":[{"href":"https:\/\/www.mormaii.com.br\/site\/wp-json\/wp\/v2\/types\/post"}],"author":[{"embeddable":true,"href":"https:\/\/www.mormaii.com.br\/site\/wp-json\/wp\/v2\/users\/3"}],"replies":[{"embeddable":true,"href":"https:\/\/www.mormaii.com.br\/site\/wp-json\/wp\/v2\/comments?post=2791"}],"version-history":[{"count":1,"href":"https:\/\/www.mormaii.com.br\/site\/wp-json\/wp\/v2\/posts\/2791\/revisions"}],"predecessor-version":[{"id":57862,"href":"https:\/\/www.mormaii.com.br\/site\/wp-json\/wp\/v2\/posts\/2791\/revisions\/57862"}],"wp:attachment":[{"href":"https:\/\/www.mormaii.com.br\/site\/wp-json\/wp\/v2\/media?parent=2791"}],"wp:term":[{"taxonomy":"category","embeddable":true,"href":"https:\/\/www.mormaii.com.br\/site\/wp-json\/wp\/v2\/categories?post=2791"},{"taxonomy":"post_tag","embeddable":true,"href":"https:\/\/www.mormaii.com.br\/site\/wp-json\/wp\/v2\/tags?post=2791"}],"curies":[{"name":"wp","href":"https:\/\/api.w.org\/{rel}","templated":true}]}}