{"id":2800,"date":"2016-04-04T13:33:38","date_gmt":"2016-04-04T13:33:38","guid":{"rendered":"http:\/\/www.mormaii.com.br\/site\/?p=2800"},"modified":"2022-06-10T10:34:43","modified_gmt":"2022-06-10T13:34:43","slug":"noticiasfamilia-nalu-pelo-mundo","status":"publish","type":"post","link":"https:\/\/www.mormaii.com.br\/site\/noticiasfamilia-nalu-pelo-mundo\/","title":{"rendered":"Fam\u00edlia Nalu, pelo mundo"},"content":{"rendered":"<p>A pequena Isabelle Nalu&nbsp; atravessa os cinco continentes na companhia dos pais, <a href=\"http:\/\/www.mormaii.com.br\/atletas\/everaldo-pato-teixeira\" target=\"_blank\" rel=\"nofollow noopener\">Everaldo Pato Teixeira <\/a>e Fabiana Nigol,&nbsp;atr\u00e1s de novas experi\u00eancias, culturas&nbsp;ex\u00f3ticas e ondas perfeitas. <\/p>\n<p>Desde&nbsp;2008, sob a dire\u00e7\u00e3o do Rafael Mellin,&nbsp;o <a href=\"https:\/\/gruposal.com.br\/portfolio\/nalu-pelo-mundo\/\" target=\"_blank\" rel=\"nofollow noopener\">Grupo Sal <\/a>acompanha, registra e exibe o dia a dia dessa fam\u00edlia nada tradicional.<\/p>\n<p>Hawaii, Indon\u00e9sia, Austr\u00e1lia, \u00c1frica do Sul e Taiti s\u00e3o alguns dos carimbos no passaporte dessa galera. <\/p>\n<p>Pato \u00e9 um big rider atirado que n\u00e3o tem medo de nada e Fabi \u00e9 a super cinegrafista que n\u00e3o perde um detalhe do surf do marido&nbsp;nem do crescimento da Belinha,&nbsp;a doce garota que&nbsp;conquista cora\u00e7\u00f5es e faz amigos por onde passa.<\/p>\n<p>Mais que um programa de surf, essa \u00e9 a hist\u00f3ria de uma fam\u00edlia que inspira, emociona e encanta telespectadores de todas as idades h\u00e1 mais de sete temporadas na tela do Multishow e, agora, no Canal OFF. <\/p>\n<p>Assista ao v\u00eddeo abaixo e relembre grandes momentos de aventura, lugares paradis\u00edacos e muito amor envolvido.<\/p>\n<p><iframe loading=\"lazy\" width=\"840\" height=\"473\" src=\"https:\/\/player.vimeo.com\/video\/178013056?title=0&amp;byline=0&amp;portrait=0\" frameborder=\"0\" allowfullscreen=\"\" mozallowfullscreen=\"\" webkitallowfullscreen=\"\"><\/iframe><\/p>\n<p>[Imagens: Grupo Sal]<\/p>\n","protected":false},"excerpt":{"rendered":"<p>A pequena Isabelle Nalu&nbsp; atravessa os cinco continentes na companhia dos pais, Everaldo Pato Teixeira e Fabiana Nigol,&nbsp;atr\u00e1s de novas experi\u00eancias, culturas&nbsp;ex\u00f3ticas e ondas perfeitas. Desde&nbsp;2008, sob a dire\u00e7\u00e3o do Rafael Mellin,&nbsp;o Grupo Sal acompanha, registra e exibe o dia a dia dessa fam\u00edlia nada tradicional. Hawaii, Indon\u00e9sia, Austr\u00e1lia, \u00c1frica do Sul e Taiti s\u00e3o [&hellip;]<\/p>\n","protected":false},"author":3,"featured_media":0,"comment_status":"open","ping_status":"open","sticky":false,"template":"","format":"standard","meta":{"_uag_custom_page_level_css":"","_mi_skip_tracking":false,"footnotes":""},"categories":[914],"tags":[],"class_list":["post-2800","post","type-post","status-publish","format-standard","hentry","category-mormaii"],"acf":[],"uagb_featured_image_src":{"full":false,"thumbnail":false,"medium":false,"medium_large":false,"large":false,"1536x1536":false,"2048x2048":false,"qi_addons_for_elementor_image_size_square":false,"qi_addons_for_elementor_image_size_landscape":false,"qi_addons_for_elementor_image_size_portrait":false,"qi_addons_for_elementor_image_size_huge-square":false},"uagb_author_info":{"display_name":"mormaii_importer","author_link":"https:\/\/www.mormaii.com.br\/site\/author\/mormaii_importer\/"},"uagb_comment_info":0,"uagb_excerpt":"A pequena Isabelle Nalu&nbsp; atravessa os cinco continentes na companhia dos pais, Everaldo Pato Teixeira e Fabiana Nigol,&nbsp;atr\u00e1s de novas experi\u00eancias, culturas&nbsp;ex\u00f3ticas e ondas perfeitas. Desde&nbsp;2008, sob a dire\u00e7\u00e3o do Rafael Mellin,&nbsp;o Grupo Sal acompanha, registra e exibe o dia a dia dessa fam\u00edlia nada tradicional. Hawaii, Indon\u00e9sia, Austr\u00e1lia, \u00c1frica do Sul e Taiti s\u00e3o&hellip;","_links":{"self":[{"href":"https:\/\/www.mormaii.com.br\/site\/wp-json\/wp\/v2\/posts\/2800"}],"collection":[{"href":"https:\/\/www.mormaii.com.br\/site\/wp-json\/wp\/v2\/posts"}],"about":[{"href":"https:\/\/www.mormaii.com.br\/site\/wp-json\/wp\/v2\/types\/post"}],"author":[{"embeddable":true,"href":"https:\/\/www.mormaii.com.br\/site\/wp-json\/wp\/v2\/users\/3"}],"replies":[{"embeddable":true,"href":"https:\/\/www.mormaii.com.br\/site\/wp-json\/wp\/v2\/comments?post=2800"}],"version-history":[{"count":1,"href":"https:\/\/www.mormaii.com.br\/site\/wp-json\/wp\/v2\/posts\/2800\/revisions"}],"predecessor-version":[{"id":57554,"href":"https:\/\/www.mormaii.com.br\/site\/wp-json\/wp\/v2\/posts\/2800\/revisions\/57554"}],"wp:attachment":[{"href":"https:\/\/www.mormaii.com.br\/site\/wp-json\/wp\/v2\/media?parent=2800"}],"wp:term":[{"taxonomy":"category","embeddable":true,"href":"https:\/\/www.mormaii.com.br\/site\/wp-json\/wp\/v2\/categories?post=2800"},{"taxonomy":"post_tag","embeddable":true,"href":"https:\/\/www.mormaii.com.br\/site\/wp-json\/wp\/v2\/tags?post=2800"}],"curies":[{"name":"wp","href":"https:\/\/api.w.org\/{rel}","templated":true}]}}