{"id":2801,"date":"2016-04-04T13:33:38","date_gmt":"2016-04-04T13:33:38","guid":{"rendered":"http:\/\/www.mormaii.com.br\/site\/?p=2801"},"modified":"2022-06-10T10:35:54","modified_gmt":"2022-06-10T13:35:54","slug":"noticiasequipe-mormaii-marca-presenca-na-joaquina","status":"publish","type":"post","link":"https:\/\/www.mormaii.com.br\/site\/noticiasequipe-mormaii-marca-presenca-na-joaquina\/","title":{"rendered":"Equipe Mormaii marca presen\u00e7a na Joaquina"},"content":{"rendered":"<p>O Joaquina Pro Contest, etapa de 6 mil pontos v\u00e1lida pelo Qualifyng Series, divis\u00e3o de acesso ao WCT, teve in\u00edcio ontem (ter\u00e7a-feira, dia 01 de novembro) em Florian\u00f3polis (SC).<\/p>\n<p><img decoding=\"async\" width=\"840\" class=\"fr-fin\" alt=\"Image title\" src=\"https:\/\/s3-sa-east-1.amazonaws.com\/cdnmormaii\/uploads\/postImages\/new\/wsl.jpg\"><\/p>\n<p>O grande destaque da abertura foi <a href=\"http:\/\/www.mormaii.com.br\/atletas\/mateus-herdy\" target=\"_blank\" rel=\"nofollow noopener\">Mateus Herdy<\/a>, que garantiu sua vaga no evento principal ao vencer as triagens.<br \/>Hoje pela manh\u00e3, o garoto surfou no round 2 contra Gabriel Medina e passou sua bateria para a 3a fase ao lado do campe\u00e3o mundial de 2014.<\/p>\n<p><img decoding=\"async\" width=\"840\" class=\"fr-fin\" alt=\"Image title\" src=\"https:\/\/s3-sa-east-1.amazonaws.com\/cdnmormaii\/uploads\/postImages\/new\/mgLaurentMasurel.jpg\"><\/p>\n<p>Na bateria seguinte, foi a vez de <a href=\"mormaii.com.br\/atletas\/marco-giorgi\" target=\"_blank\" rel=\"noopener\">Marco Giorgi <\/a>avan\u00e7ar, o uruguaio conseguiu uma onda nota 7.00 e uma 7.23 para somar 14.23 e&nbsp;seguir confiante&nbsp;na Joaquina.<\/p>\n<p><img decoding=\"async\" width=\"840\" class=\"fr-fin\" alt=\"Image title\" src=\"https:\/\/s3-sa-east-1.amazonaws.com\/cdnmormaii\/uploads\/postImages\/new\/IanGouveiaLaurentMasurel.jpg\"><\/p>\n<p><a href=\"http:\/\/www.mormaii.com.br\/atletas\/ian-gouveia\" target=\"_blank\" rel=\"nofollow noopener\">Ian Gouveia <\/a>tamb\u00e9m mandou bem e continua na disputa pelo t\u00edtulo. O surfista \u00e9 o 5o no ranking do QS e se o ano terminasse hoje estaria classificado para o WCT 2017.<\/p>\n<p><img decoding=\"async\" width=\"840\" class=\"fr-fin\" alt=\"Image title\" src=\"https:\/\/s3-sa-east-1.amazonaws.com\/cdnmormaii\/uploads\/postImages\/new\/alexribeirokelly.jpg\"><\/p>\n<p>Na sequ\u00eancia, Alex Ribeiro, atleta WCT, confirmou seu favoritismo e venceu a disputa, colocando seu nome na pr\u00f3xima fase da competi\u00e7\u00e3o.<\/p>\n<p><img decoding=\"async\" width=\"840\" class=\"fr-fin\" alt=\"Image title\" src=\"https:\/\/s3-sa-east-1.amazonaws.com\/cdnmormaii\/uploads\/postImages\/new\/MikePoullenot.jpg\"><\/p>\n<p>Por fim, foi a vez de<a href=\"http:\/\/www.mormaii.com.br\/atletas\/michael-rodrigues\" target=\"_blank\" rel=\"nofollow noopener\"> Mike Rodrigues <\/a>entrar na \u00e1gua, com seu surf veloz e arrojado, o cearense tamb\u00e9m venceu sua bateria e garantiu sua perman\u00eancia na disputa.<br \/>O evento tem per\u00edodo de espera at\u00e9 o pr\u00f3ximo domingo e promete muitas emo\u00e7\u00f5es na Praia da Joaquina, em Floripa.<br \/>Fique ligado no site da Mormaii para mais novidades e conte\u00fados.<\/p>\n<p>[Fotos: Divulga\u00e7\u00e3o WSL \/\/ Foto de capa: Daniel Smorigo \/\/ Surfista: Marco Giorgi]<\/p>\n","protected":false},"excerpt":{"rendered":"<p>O Joaquina Pro Contest, etapa de 6 mil pontos v\u00e1lida pelo Qualifyng Series, divis\u00e3o de acesso ao WCT, teve in\u00edcio ontem (ter\u00e7a-feira, dia 01 de novembro) em Florian\u00f3polis (SC). O grande destaque da abertura foi Mateus Herdy, que garantiu sua vaga no evento principal ao vencer as triagens.Hoje pela manh\u00e3, o garoto surfou no round [&hellip;]<\/p>\n","protected":false},"author":3,"featured_media":0,"comment_status":"open","ping_status":"open","sticky":false,"template":"","format":"standard","meta":{"_uag_custom_page_level_css":"","_mi_skip_tracking":false,"footnotes":""},"categories":[914],"tags":[],"class_list":["post-2801","post","type-post","status-publish","format-standard","hentry","category-mormaii"],"acf":[],"uagb_featured_image_src":{"full":false,"thumbnail":false,"medium":false,"medium_large":false,"large":false,"1536x1536":false,"2048x2048":false,"qi_addons_for_elementor_image_size_square":false,"qi_addons_for_elementor_image_size_landscape":false,"qi_addons_for_elementor_image_size_portrait":false,"qi_addons_for_elementor_image_size_huge-square":false},"uagb_author_info":{"display_name":"mormaii_importer","author_link":"https:\/\/www.mormaii.com.br\/site\/author\/mormaii_importer\/"},"uagb_comment_info":0,"uagb_excerpt":"O Joaquina Pro Contest, etapa de 6 mil pontos v\u00e1lida pelo Qualifyng Series, divis\u00e3o de acesso ao WCT, teve in\u00edcio ontem (ter\u00e7a-feira, dia 01 de novembro) em Florian\u00f3polis (SC). O grande destaque da abertura foi Mateus Herdy, que garantiu sua vaga no evento principal ao vencer as triagens.Hoje pela manh\u00e3, o garoto surfou no round&hellip;","_links":{"self":[{"href":"https:\/\/www.mormaii.com.br\/site\/wp-json\/wp\/v2\/posts\/2801"}],"collection":[{"href":"https:\/\/www.mormaii.com.br\/site\/wp-json\/wp\/v2\/posts"}],"about":[{"href":"https:\/\/www.mormaii.com.br\/site\/wp-json\/wp\/v2\/types\/post"}],"author":[{"embeddable":true,"href":"https:\/\/www.mormaii.com.br\/site\/wp-json\/wp\/v2\/users\/3"}],"replies":[{"embeddable":true,"href":"https:\/\/www.mormaii.com.br\/site\/wp-json\/wp\/v2\/comments?post=2801"}],"version-history":[{"count":1,"href":"https:\/\/www.mormaii.com.br\/site\/wp-json\/wp\/v2\/posts\/2801\/revisions"}],"predecessor-version":[{"id":57611,"href":"https:\/\/www.mormaii.com.br\/site\/wp-json\/wp\/v2\/posts\/2801\/revisions\/57611"}],"wp:attachment":[{"href":"https:\/\/www.mormaii.com.br\/site\/wp-json\/wp\/v2\/media?parent=2801"}],"wp:term":[{"taxonomy":"category","embeddable":true,"href":"https:\/\/www.mormaii.com.br\/site\/wp-json\/wp\/v2\/categories?post=2801"},{"taxonomy":"post_tag","embeddable":true,"href":"https:\/\/www.mormaii.com.br\/site\/wp-json\/wp\/v2\/tags?post=2801"}],"curies":[{"name":"wp","href":"https:\/\/api.w.org\/{rel}","templated":true}]}}