{"id":2811,"date":"2016-04-04T13:33:38","date_gmt":"2016-04-04T13:33:38","guid":{"rendered":"http:\/\/www.mormaii.com.br\/site\/?p=2811"},"modified":"2022-06-10T10:40:23","modified_gmt":"2022-06-10T13:40:23","slug":"noticiascarlos-burle-ao-vivo-no-mundial-de-ondas-gigantes","status":"publish","type":"post","link":"https:\/\/www.mormaii.com.br\/site\/noticiascarlos-burle-ao-vivo-no-mundial-de-ondas-gigantes\/","title":{"rendered":"Carlos Burle, ao vivo, no Mundial de Ondas Gigantes"},"content":{"rendered":"<p>O&nbsp;Pe\u2019ahi Challenge est\u00e1 marcado para essa sexta-feira (11\/11), em&nbsp;Jaws, ilha de Maui, Hawaii, com in\u00edcio previsto para \u00e0s 7h30 da manh\u00e3, hor\u00e1rio local, e 15h, no hor\u00e1rio de Bras\u00edlia.<\/p>\n<p>Inicialmente, a prova come\u00e7aria na tarde dessa quinta, por\u00e9m, devido as condi\u00e7\u00f5es do surf, o in\u00edcio foi prorrogado para hoje, com expectativa de ondas&nbsp;na casa dos&nbsp;30 p\u00e9s (cerca de 10 metros).<\/p>\n<p><img decoding=\"async\" width=\"840\" class=\"fr-fin\" alt=\"Image title\" src=\"https:\/\/s3-sa-east-1.amazonaws.com\/cdnmormaii\/uploads\/postImages\/new\/peahimormaii.jpg\"><\/p>\n<p style=\"text-align: center;\"><em>Swell de peso | Foto: WSL\/Nick Ricca<br \/><\/em><\/p>\n<p>&#8220;Para promover as etapas do Big Wave Tour, precisamos&nbsp;ondula\u00e7\u00f5es e sistemas de tempestade com grande tamanho e energia&#8221;, explica Peter Mel, comiss\u00e1rio do BWT. <\/p>\n<p>\u201cS\u00e3o fatores din\u00e2micos que mudam freq\u00fcentemente. Temos monitorado esse sistema muito de perto e decidimos concentrar todo o evento na manh\u00e3 de sexta-feira, quando teremos as melhores e maiores condi\u00e7\u00f5es. Estamos realmente empolgados para ver os homens e mulheres aqui esse ano\u201d, afirma.<\/p>\n<p>Ao todo,&nbsp;35 atletas disputar\u00e3o o evento, incluindo&nbsp;<a href=\"http:\/\/www.mormaii.com.br\/atletas\/carlos-burle\" target=\"_blank\" rel=\"nofollow noopener\">Carlos Burle <\/a>(atual 4o colocado no ranking do Circuito Mundial de Ondas Giganes), Yuri Soledade e&nbsp;Pedro calado (3o colocado no ranking).<\/p>\n<p>Pela primeira vez na hist\u00f3ria, as mulheres disputar\u00e3o o evento. Entre as 12 convidadas est\u00e3o as brasileiras&nbsp;Maya Gabeira (que n\u00e3o poder\u00e1 participar devido uma cirurgia que fez recentemente), Sylvia Nabuco e Andrea M\u00f6ller.<\/p>\n<p>O bicampe\u00e3o mundial Carlos Burle entra na 2a bateria do dia no masculino, que promete pegar fogo!<\/p>\n<p>O pernambucano enfrenta ningu\u00e9m menos que&nbsp;o atual campe\u00e3o do evento, Billy Kemper; o&nbsp;l\u00edder do ranking e campe\u00e3o mundial&nbsp;de 2014, Twiggy Baker; e os astros locais Ian Walsh, Kai Lenny e Dege O&#8217;Connel.<\/p>\n<p>N\u00e3o se esque\u00e7a, o&nbsp;Pe&#8217;ahi Chalenge&nbsp;tem <a href=\"http:\/\/www.worldsurfleague.com\/events\/2016\/mbwt\/1520\/peahi-challenge\/live\" target=\"_blank\" rel=\"nofollow noopener\">transmiss\u00e3o ao vivo pelo site da WSL<\/a>, a partir das 15h (hor\u00e1rio de Bras\u00edlia).<\/p>\n<p><\/p>\n<div><iframe loading=\"lazy\" width=\"840\" height=\"473\" src=\"https:\/\/www.youtube.com\/embed\/MBFOnmC6E6A?rel=0&#038;showinfo=0\" frameborder=\"0\" allowfullscreen=\"\"><\/iframe><\/div>\n<p><strong>Confira a lista completa do evento.<\/strong><\/p>\n<p><strong>Maculino:<\/strong><\/p>\n<p>Greg Long (EUA) \/\/ Makuakai Rothman (HAV) \/\/ Billy Kemper (HAV) \/\/ Nic Lamb (EUA) \/\/ Josh Kerr (AUS) \/\/ Albee Layer (HAV) \/\/ Carlos Burle (BRA) \/\/ Damien Hobgood (EUA) \/\/ Cristian Merello (CHI) \/\/ Mark Healey (HAV) \/\/ Grant Baker (AFR) \/\/ Shane Dorian (HAV) \/\/ Jamie Mitchell (AUS) \/\/ Aaron Gold (HAV) \/\/ Kai Lenny (HAV) \/\/ Ian Walsh (HAV) \/\/ Shaun Walsh (HAV) \/\/ Tyler Larronde (HAV) \/\/ Yuri Soledade (BRA) \/\/ Dege O\u2019Connell (HAV) \/\/ Francisco Porcella (ITA) \/\/ Pedro Calado (BRA) \/\/ Will Skudin (HAV) \/\/ Gabriel Villaran (PER)<\/p>\n<p><strong>Feminino:<\/strong><\/p>\n<p>Keala Kennelly (HAV) \/\/ Paige Alms (HAV) \/\/ Andrea Moller (HAV) \/\/ Bianca Valenti (EUA) \/\/ Emily Erickson (EUA) \/\/ Savannah Shaugnessy (EUA) \/\/ Justine Dupont (FRA) \/\/ Jamilah Starr (EUA) \/\/ Sylvia Nabuco (BRA) \/\/ Laura Enever (AUS) \/\/ Wrenna Delgado (HAV)<\/p>\n<p>[Foto de capa: WSL\/Kelly Cestari]<\/p>\n","protected":false},"excerpt":{"rendered":"<p>O&nbsp;Pe\u2019ahi Challenge est\u00e1 marcado para essa sexta-feira (11\/11), em&nbsp;Jaws, ilha de Maui, Hawaii, com in\u00edcio previsto para \u00e0s 7h30 da manh\u00e3, hor\u00e1rio local, e 15h, no hor\u00e1rio de Bras\u00edlia. Inicialmente, a prova come\u00e7aria na tarde dessa quinta, por\u00e9m, devido as condi\u00e7\u00f5es do surf, o in\u00edcio foi prorrogado para hoje, com expectativa de ondas&nbsp;na casa dos&nbsp;30 [&hellip;]<\/p>\n","protected":false},"author":3,"featured_media":0,"comment_status":"open","ping_status":"open","sticky":false,"template":"","format":"standard","meta":{"_uag_custom_page_level_css":"","_mi_skip_tracking":false,"footnotes":""},"categories":[914],"tags":[],"class_list":["post-2811","post","type-post","status-publish","format-standard","hentry","category-mormaii"],"acf":[],"uagb_featured_image_src":{"full":false,"thumbnail":false,"medium":false,"medium_large":false,"large":false,"1536x1536":false,"2048x2048":false,"qi_addons_for_elementor_image_size_square":false,"qi_addons_for_elementor_image_size_landscape":false,"qi_addons_for_elementor_image_size_portrait":false,"qi_addons_for_elementor_image_size_huge-square":false},"uagb_author_info":{"display_name":"mormaii_importer","author_link":"https:\/\/www.mormaii.com.br\/site\/author\/mormaii_importer\/"},"uagb_comment_info":0,"uagb_excerpt":"O&nbsp;Pe\u2019ahi Challenge est\u00e1 marcado para essa sexta-feira (11\/11), em&nbsp;Jaws, ilha de Maui, Hawaii, com in\u00edcio previsto para \u00e0s 7h30 da manh\u00e3, hor\u00e1rio local, e 15h, no hor\u00e1rio de Bras\u00edlia. Inicialmente, a prova come\u00e7aria na tarde dessa quinta, por\u00e9m, devido as condi\u00e7\u00f5es do surf, o in\u00edcio foi prorrogado para hoje, com expectativa de ondas&nbsp;na casa dos&nbsp;30&hellip;","_links":{"self":[{"href":"https:\/\/www.mormaii.com.br\/site\/wp-json\/wp\/v2\/posts\/2811"}],"collection":[{"href":"https:\/\/www.mormaii.com.br\/site\/wp-json\/wp\/v2\/posts"}],"about":[{"href":"https:\/\/www.mormaii.com.br\/site\/wp-json\/wp\/v2\/types\/post"}],"author":[{"embeddable":true,"href":"https:\/\/www.mormaii.com.br\/site\/wp-json\/wp\/v2\/users\/3"}],"replies":[{"embeddable":true,"href":"https:\/\/www.mormaii.com.br\/site\/wp-json\/wp\/v2\/comments?post=2811"}],"version-history":[{"count":1,"href":"https:\/\/www.mormaii.com.br\/site\/wp-json\/wp\/v2\/posts\/2811\/revisions"}],"predecessor-version":[{"id":57740,"href":"https:\/\/www.mormaii.com.br\/site\/wp-json\/wp\/v2\/posts\/2811\/revisions\/57740"}],"wp:attachment":[{"href":"https:\/\/www.mormaii.com.br\/site\/wp-json\/wp\/v2\/media?parent=2811"}],"wp:term":[{"taxonomy":"category","embeddable":true,"href":"https:\/\/www.mormaii.com.br\/site\/wp-json\/wp\/v2\/categories?post=2811"},{"taxonomy":"post_tag","embeddable":true,"href":"https:\/\/www.mormaii.com.br\/site\/wp-json\/wp\/v2\/tags?post=2811"}],"curies":[{"name":"wp","href":"https:\/\/api.w.org\/{rel}","templated":true}]}}