{"id":2852,"date":"2016-04-04T13:33:38","date_gmt":"2016-04-04T13:33:38","guid":{"rendered":"http:\/\/www.mormaii.com.br\/site\/?p=2852"},"modified":"2022-06-10T10:31:32","modified_gmt":"2022-06-10T13:31:32","slug":"noticiasian-marco-e-mateus-em-destaque-na-surfar-51","status":"publish","type":"post","link":"https:\/\/www.mormaii.com.br\/site\/noticiasian-marco-e-mateus-em-destaque-na-surfar-51\/","title":{"rendered":"Ian, Marco e Mateus em destaque na Surfar #51"},"content":{"rendered":"<p><a href=\"http:\/\/www.mormaii.com.br\/atletas\/ian-gouveia\" target=\"_blank\" rel=\"nofollow noopener\">Ian Gouveia<\/a> \u00e9 capa da <a href=\"https:\/\/issuu.com\/revistasurfar\/docs\/surfar_51\" target=\"_blank\" rel=\"nofollow noopener\">Revista Surfar Digital #51 <\/a>que est\u00e1 no ar! O pernambucano garantiu sua classifica\u00e7\u00e3o para o WCT 2017 em Sunset Beach, mesmo local que seu pai, <a href=\"http:\/\/www.mormaii.com.br\/atletas\/fabio-gouveia\" target=\"_blank\" rel=\"nofollow noopener\">F\u00e1bio Gouveia<\/a>, foi o primeiro brasileiro a vencer no Hawaii, em 1992. Ou seja, F\u00e1bio e Ian s\u00e3o os&nbsp;\u00fanicos pai e filho a integrar a elite do WCT na hist\u00f3ria.<\/p>\n<p style=\"text-align: center;\"><a href=\"https:\/\/issuu.com\/revistasurfar\/docs\/surfar_51\/82\" target=\"_blank\" rel=\"nofollow noopener\" data-fr-link=\"true\"><img decoding=\"async\" width=\"840\" title=\"Image title\" class=\"fr-fin\" alt=\"Image title\" src=\"https:\/\/s3-sa-east-1.amazonaws.com\/cdnmormaii\/uploads\/postImages\/new\/mormaiiissue.jpg\"><\/a><\/p>\n<p style=\"text-align: center;\"><em>Clique na imagem e confira a mat\u00e9ria com Marco Giorgi<\/em><\/p>\n<p>Entre as mat\u00e9rias especiais, est\u00e3o 7 Dicas de Power Surf, com Marco Giorgi. &#8220;Para uma manobra ser boa e power, toda qualidade dela vir\u00e1 da cavada. Se voc\u00ea tiver uma cavada com proje\u00e7\u00e3o, for\u00e7a e press\u00e3o, isso j\u00e1 \u00e9 80% do que est\u00e1 por vir&#8221;, afirma o uruguaio.<\/p>\n<p style=\"text-align: center;\"><a href=\"https:\/\/issuu.com\/revistasurfar\/docs\/surfar_51\/102\" target=\"_blank\" rel=\"nofollow noopener\" data-fr-link=\"true\"><img decoding=\"async\" width=\"840\" title=\"Image title\" class=\"fr-fin\" alt=\"Image title\" src=\"https:\/\/s3-sa-east-1.amazonaws.com\/cdnmormaii\/uploads\/postImages\/new\/mormaiimateus.jpg\"><\/a><\/p>\n<p style=\"text-align: center;\"><em>Clique na foto e leia a entrevista completa com Mateus Herdy<br \/><\/em><\/p>\n<p>Imperd\u00edvel! Essa \u00e9 a defini\u00e7\u00e3o da entrevista&nbsp;com&nbsp;a jovem revela\u00e7\u00e3o <a href=\"http:\/\/www.mormaii.com.br\/atletas\/mateus-herdy\" target=\"_blank\" rel=\"nofollow noopener\">Mateus Herdy<\/a>,&nbsp;que em 2017&nbsp;inicia uma nova fase em sua carreira.&nbsp;&#8220;Aos 16 anos, Mateus j\u00e1 \u00e9 uma das maiores promessas do surf brasileiro, pronto para encarar o circuito do Qualifying Series pela primeira vez&#8221;, afirma a reportagem.<\/p>\n<p>Al\u00e9m disso, tem um super portif\u00f3lio com o fot\u00f3grafo Paulo Barcellos e muitas novidades.<\/p>\n<p>Acesse a <a href=\"https:\/\/issuu.com\/revistasurfar\/docs\/surfar_51\" target=\"_blank\" rel=\"nofollow noopener\">Revista Surfar Digital #51 <\/a>e boa divers\u00e3o!<\/p>\n<p>[Foto de capa:&nbsp;Surfar\/Tom Toledo] <\/p>\n","protected":false},"excerpt":{"rendered":"<p>Ian Gouveia \u00e9 capa da Revista Surfar Digital #51 que est\u00e1 no ar! O pernambucano garantiu sua classifica\u00e7\u00e3o para o WCT 2017 em Sunset Beach, mesmo local que seu pai, F\u00e1bio Gouveia, foi o primeiro brasileiro a vencer no Hawaii, em 1992. Ou seja, F\u00e1bio e Ian s\u00e3o os&nbsp;\u00fanicos pai e filho a integrar a [&hellip;]<\/p>\n","protected":false},"author":3,"featured_media":0,"comment_status":"open","ping_status":"open","sticky":false,"template":"","format":"standard","meta":{"_uag_custom_page_level_css":"","_mi_skip_tracking":false,"footnotes":""},"categories":[914],"tags":[],"class_list":["post-2852","post","type-post","status-publish","format-standard","hentry","category-mormaii"],"acf":[],"uagb_featured_image_src":{"full":false,"thumbnail":false,"medium":false,"medium_large":false,"large":false,"1536x1536":false,"2048x2048":false,"qi_addons_for_elementor_image_size_square":false,"qi_addons_for_elementor_image_size_landscape":false,"qi_addons_for_elementor_image_size_portrait":false,"qi_addons_for_elementor_image_size_huge-square":false},"uagb_author_info":{"display_name":"mormaii_importer","author_link":"https:\/\/www.mormaii.com.br\/site\/author\/mormaii_importer\/"},"uagb_comment_info":0,"uagb_excerpt":"Ian Gouveia \u00e9 capa da Revista Surfar Digital #51 que est\u00e1 no ar! O pernambucano garantiu sua classifica\u00e7\u00e3o para o WCT 2017 em Sunset Beach, mesmo local que seu pai, F\u00e1bio Gouveia, foi o primeiro brasileiro a vencer no Hawaii, em 1992. Ou seja, F\u00e1bio e Ian s\u00e3o os&nbsp;\u00fanicos pai e filho a integrar a&hellip;","_links":{"self":[{"href":"https:\/\/www.mormaii.com.br\/site\/wp-json\/wp\/v2\/posts\/2852"}],"collection":[{"href":"https:\/\/www.mormaii.com.br\/site\/wp-json\/wp\/v2\/posts"}],"about":[{"href":"https:\/\/www.mormaii.com.br\/site\/wp-json\/wp\/v2\/types\/post"}],"author":[{"embeddable":true,"href":"https:\/\/www.mormaii.com.br\/site\/wp-json\/wp\/v2\/users\/3"}],"replies":[{"embeddable":true,"href":"https:\/\/www.mormaii.com.br\/site\/wp-json\/wp\/v2\/comments?post=2852"}],"version-history":[{"count":1,"href":"https:\/\/www.mormaii.com.br\/site\/wp-json\/wp\/v2\/posts\/2852\/revisions"}],"predecessor-version":[{"id":57451,"href":"https:\/\/www.mormaii.com.br\/site\/wp-json\/wp\/v2\/posts\/2852\/revisions\/57451"}],"wp:attachment":[{"href":"https:\/\/www.mormaii.com.br\/site\/wp-json\/wp\/v2\/media?parent=2852"}],"wp:term":[{"taxonomy":"category","embeddable":true,"href":"https:\/\/www.mormaii.com.br\/site\/wp-json\/wp\/v2\/categories?post=2852"},{"taxonomy":"post_tag","embeddable":true,"href":"https:\/\/www.mormaii.com.br\/site\/wp-json\/wp\/v2\/tags?post=2852"}],"curies":[{"name":"wp","href":"https:\/\/api.w.org\/{rel}","templated":true}]}}