{"id":2874,"date":"2016-04-04T13:33:38","date_gmt":"2016-04-04T13:33:38","guid":{"rendered":"http:\/\/www.mormaii.com.br\/site\/?p=2874"},"modified":"2022-06-10T10:41:32","modified_gmt":"2022-06-10T13:41:32","slug":"noticiascarlos-burle-ao-vivo-de-nazare","status":"publish","type":"post","link":"https:\/\/www.mormaii.com.br\/site\/noticiascarlos-burle-ao-vivo-de-nazare\/","title":{"rendered":"Carlos Burle ao vivo de Nazar\u00e9"},"content":{"rendered":"<p>Os melhores surfistas de ondas gigantes do planeta est\u00e3o em Portugal para o Nazar\u00e9 Challenge, 3a etapa do Big Wave Tour 2016. <\/p>\n<p>Esse ser\u00e1 o 1o evento de ondas gigantes no pico e dois brasileiros est\u00e3o representando o pa\u00eds: Carlos Burle, escalado na&nbsp;4a bateria do dia&nbsp;e Pedro Calado, na 2a.<\/p>\n<p>A prova \u00e9 na remada e tem dura\u00e7\u00e3o de um dia, mas caso a consist\u00eancia do swell n\u00e3o permita, pode estender-se por mais um dia ou dois.<\/p>\n<p>Nazar\u00e9 tornou-se uma atra\u00e7\u00e3o tur\u00edstica popular em Portugal ap\u00f3s a divulga\u00e7\u00e3o das ondas gigantes da Praia do Norte.<\/p>\n<p>O que uma vez foi uma pitoresca vila de pescadores na costa do Atl\u00e2ntico, transformou-se em um badalado ponto tur\u00edstico.<\/p>\n<p>A Praia do Norte assistir\u00e1 um show de surf com a presen\u00e7a dos maiores big riders do planeta e voc\u00ea&nbsp;<a href=\"http:\/\/www.worldsurfleague.com\/events\/2016\/mbwt\/1660\/nazar-challenge\" target=\"_blank\" rel=\"nofollow noopener\">confere tudo ao vivo pelo site da WSL.<\/a><\/p>\n<p>[Foto: WSL \/ Bruno Aleixo]<\/p>\n","protected":false},"excerpt":{"rendered":"<p>Os melhores surfistas de ondas gigantes do planeta est\u00e3o em Portugal para o Nazar\u00e9 Challenge, 3a etapa do Big Wave Tour 2016. Esse ser\u00e1 o 1o evento de ondas gigantes no pico e dois brasileiros est\u00e3o representando o pa\u00eds: Carlos Burle, escalado na&nbsp;4a bateria do dia&nbsp;e Pedro Calado, na 2a. A prova \u00e9 na remada [&hellip;]<\/p>\n","protected":false},"author":3,"featured_media":0,"comment_status":"open","ping_status":"open","sticky":false,"template":"","format":"standard","meta":{"_uag_custom_page_level_css":"","_mi_skip_tracking":false,"footnotes":""},"categories":[914],"tags":[],"class_list":["post-2874","post","type-post","status-publish","format-standard","hentry","category-mormaii"],"acf":[],"uagb_featured_image_src":{"full":false,"thumbnail":false,"medium":false,"medium_large":false,"large":false,"1536x1536":false,"2048x2048":false,"qi_addons_for_elementor_image_size_square":false,"qi_addons_for_elementor_image_size_landscape":false,"qi_addons_for_elementor_image_size_portrait":false,"qi_addons_for_elementor_image_size_huge-square":false},"uagb_author_info":{"display_name":"mormaii_importer","author_link":"https:\/\/www.mormaii.com.br\/site\/author\/mormaii_importer\/"},"uagb_comment_info":0,"uagb_excerpt":"Os melhores surfistas de ondas gigantes do planeta est\u00e3o em Portugal para o Nazar\u00e9 Challenge, 3a etapa do Big Wave Tour 2016. Esse ser\u00e1 o 1o evento de ondas gigantes no pico e dois brasileiros est\u00e3o representando o pa\u00eds: Carlos Burle, escalado na&nbsp;4a bateria do dia&nbsp;e Pedro Calado, na 2a. A prova \u00e9 na remada&hellip;","_links":{"self":[{"href":"https:\/\/www.mormaii.com.br\/site\/wp-json\/wp\/v2\/posts\/2874"}],"collection":[{"href":"https:\/\/www.mormaii.com.br\/site\/wp-json\/wp\/v2\/posts"}],"about":[{"href":"https:\/\/www.mormaii.com.br\/site\/wp-json\/wp\/v2\/types\/post"}],"author":[{"embeddable":true,"href":"https:\/\/www.mormaii.com.br\/site\/wp-json\/wp\/v2\/users\/3"}],"replies":[{"embeddable":true,"href":"https:\/\/www.mormaii.com.br\/site\/wp-json\/wp\/v2\/comments?post=2874"}],"version-history":[{"count":1,"href":"https:\/\/www.mormaii.com.br\/site\/wp-json\/wp\/v2\/posts\/2874\/revisions"}],"predecessor-version":[{"id":57785,"href":"https:\/\/www.mormaii.com.br\/site\/wp-json\/wp\/v2\/posts\/2874\/revisions\/57785"}],"wp:attachment":[{"href":"https:\/\/www.mormaii.com.br\/site\/wp-json\/wp\/v2\/media?parent=2874"}],"wp:term":[{"taxonomy":"category","embeddable":true,"href":"https:\/\/www.mormaii.com.br\/site\/wp-json\/wp\/v2\/categories?post=2874"},{"taxonomy":"post_tag","embeddable":true,"href":"https:\/\/www.mormaii.com.br\/site\/wp-json\/wp\/v2\/tags?post=2874"}],"curies":[{"name":"wp","href":"https:\/\/api.w.org\/{rel}","templated":true}]}}