{"id":2875,"date":"2016-04-04T13:33:38","date_gmt":"2016-04-04T13:33:38","guid":{"rendered":"http:\/\/www.mormaii.com.br\/site\/?p=2875"},"modified":"2022-06-10T10:41:13","modified_gmt":"2022-06-10T13:41:13","slug":"noticiascarlos-burle-e-vice-campeao-no-nazare-challenge","status":"publish","type":"post","link":"https:\/\/www.mormaii.com.br\/site\/noticiascarlos-burle-e-vice-campeao-no-nazare-challenge\/","title":{"rendered":"Carlos Burle \u00e9 vice-campe\u00e3o no Nazar\u00e9 Challenge"},"content":{"rendered":"<p><a href=\"http:\/\/www.mormaii.com.br\/atletas\/carlos-burle\" target=\"_blank\" rel=\"nofollow noopener\">Carlos Burle <\/a>ficou em&nbsp;segundo lugar no Nazar\u00e9 Challenge, terceita etapa do Big Wave Tour 2016, realizada ontem, na Praia do Norte, em Nazar\u00e9, Portugal.<\/p>\n<p>O pernambucano, bicampe\u00e3o mundial, provou mais uma vez que aos 49 anos de idade segue extendendo os limites do big surf no planeta.<\/p>\n<p style=\"text-align: center;\"><img decoding=\"async\" width=\"840\" class=\"fr-fin\" alt=\"Image title\" src=\"https:\/\/s3-sa-east-1.amazonaws.com\/cdnmormaii\/uploads\/postImages\/585a4f8de28115437286dfea\/mormaii3.jpg\"><em>Botando pra baixo | Foto: WSL\/Guillaume Arrieta<br \/><\/em><\/p>\n<p>Em meio a tantos nomes promissores da nova gera\u00e7\u00e3o, Burle mant\u00e9m uma regularidade impressionante, essa \u00e9 sua&nbsp;segunda final do ano, em&nbsp;tr\u00eas eventos disputados.<\/p>\n<p>Emocionado,&nbsp;o brasileiro subiu ao p\u00f3dio e agradeceu o carinho de todos.<\/p>\n<p>&#8220;Estou muito feliz com o vice-campeonato no Nazar\u00e9 Challenge e quero dedic\u00e1-lo a minha esposa Ligia Moura que \u00e9 portuguesa. Esse t\u00edtulo simboliza o carinho que tenho pelos portugueses e por tudo que fizeram pelo Brasil. Espero que a gente continue com essa rela\u00e7\u00e3o maravilhosa entre Brasil e Portugal. Parabenizo a WSL pelo belo evento, todos os competidores e principalmente a cidade de Nazar\u00e9 pela receptividade. Obrigado senhor&#8221;, agradece Burle.<\/p>\n<p><img decoding=\"async\" width=\"840\" class=\"fr-fin\" alt=\"Image title\" src=\"https:\/\/s3-sa-east-1.amazonaws.com\/cdnmormaii\/uploads\/postImages\/585a4f8de28115437286dfea\/mormaii4.jpg\"><\/p>\n<p style=\"text-align: center;\"><em>Sem medo de ser feliz | Foto: WSL\/Guillaume Arrieta<\/em><\/p>\n<p>Com o vice-campeonato, Burle soma 10 mil pontos, garante 15 mil d\u00f3lares na conta e assume a&nbsp;quarta posi\u00e7\u00e3o do ranking.<\/p>\n<p>Outro brasileiro que est\u00e1 representando e surpreendendo \u00e9&nbsp;Pedro Calado, que finalizou a prova na quarta posi\u00e7\u00e3o e &nbsp;assumiu a segunda coloca\u00e7\u00e3o do ranking ap\u00f3s sua terceira final consecutiva.<\/p>\n<p>Com tr\u00eas tr\u00eas etapas realizadas &#8211; Puerto Escondido, Jaws, e Nazar\u00e9 &#8211; o Big Wave Tour ainda tem janela de espera aberta para o Todos Santos Challenge, no M\u00e9xico, at\u00e9 dia 28 de fevereiro.<\/p>\n<p>A seguir, voc\u00ea assiste&nbsp;tr\u00eas v\u00eddeos com os melhores momentos da prova, a semi-final e a final de Carlos Burle, ontem, em Portugal.<\/p>\n<p><\/p>\n<p><iframe loading=\"lazy\" width=\"840\" height=\"473\" src=\"https:\/\/www.youtube.com\/embed\/Zw91nVQTH7A?rel=0&amp;showinfo=0\" frameborder=\"0\" allowfullscreen=\"\"><\/iframe><\/p>\n<p style=\"text-align: center;\"><em>Melhores momentos<\/em><\/p>\n<p><\/p>\n<p><iframe loading=\"lazy\" width=\"840\" height=\"473\" src=\"https:\/\/www.youtube.com\/embed\/e66K09Byo2U?rel=0&#038;showinfo=0\" frameborder=\"0\" allowfullscreen=\"\"><\/iframe><\/p>\n<p style=\"text-align: center;\"><em>Semi-final<\/em><\/p>\n<p style=\"text-align: center;\"><\/p>\n<p><iframe loading=\"lazy\" width=\"840\" height=\"473\" src=\"https:\/\/www.youtube.com\/embed\/d65X14LGu6U?rel=0&#038;showinfo=0\" frameborder=\"0\" allowfullscreen=\"\"><\/iframe><\/p>\n<p style=\"text-align: center;\"><em>Final<\/em><\/p>\n<p style=\"text-align: left;\">[Fotos: WSL\/Guillaume Arrieta]<\/p>\n","protected":false},"excerpt":{"rendered":"<p>Carlos Burle ficou em&nbsp;segundo lugar no Nazar\u00e9 Challenge, terceita etapa do Big Wave Tour 2016, realizada ontem, na Praia do Norte, em Nazar\u00e9, Portugal. O pernambucano, bicampe\u00e3o mundial, provou mais uma vez que aos 49 anos de idade segue extendendo os limites do big surf no planeta. Botando pra baixo | Foto: WSL\/Guillaume Arrieta Em [&hellip;]<\/p>\n","protected":false},"author":3,"featured_media":0,"comment_status":"open","ping_status":"open","sticky":false,"template":"","format":"standard","meta":{"_uag_custom_page_level_css":"","_mi_skip_tracking":false,"footnotes":""},"categories":[914],"tags":[],"class_list":["post-2875","post","type-post","status-publish","format-standard","hentry","category-mormaii"],"acf":[],"uagb_featured_image_src":{"full":false,"thumbnail":false,"medium":false,"medium_large":false,"large":false,"1536x1536":false,"2048x2048":false,"qi_addons_for_elementor_image_size_square":false,"qi_addons_for_elementor_image_size_landscape":false,"qi_addons_for_elementor_image_size_portrait":false,"qi_addons_for_elementor_image_size_huge-square":false},"uagb_author_info":{"display_name":"mormaii_importer","author_link":"https:\/\/www.mormaii.com.br\/site\/author\/mormaii_importer\/"},"uagb_comment_info":0,"uagb_excerpt":"Carlos Burle ficou em&nbsp;segundo lugar no Nazar\u00e9 Challenge, terceita etapa do Big Wave Tour 2016, realizada ontem, na Praia do Norte, em Nazar\u00e9, Portugal. O pernambucano, bicampe\u00e3o mundial, provou mais uma vez que aos 49 anos de idade segue extendendo os limites do big surf no planeta. Botando pra baixo | Foto: WSL\/Guillaume Arrieta Em&hellip;","_links":{"self":[{"href":"https:\/\/www.mormaii.com.br\/site\/wp-json\/wp\/v2\/posts\/2875"}],"collection":[{"href":"https:\/\/www.mormaii.com.br\/site\/wp-json\/wp\/v2\/posts"}],"about":[{"href":"https:\/\/www.mormaii.com.br\/site\/wp-json\/wp\/v2\/types\/post"}],"author":[{"embeddable":true,"href":"https:\/\/www.mormaii.com.br\/site\/wp-json\/wp\/v2\/users\/3"}],"replies":[{"embeddable":true,"href":"https:\/\/www.mormaii.com.br\/site\/wp-json\/wp\/v2\/comments?post=2875"}],"version-history":[{"count":1,"href":"https:\/\/www.mormaii.com.br\/site\/wp-json\/wp\/v2\/posts\/2875\/revisions"}],"predecessor-version":[{"id":57768,"href":"https:\/\/www.mormaii.com.br\/site\/wp-json\/wp\/v2\/posts\/2875\/revisions\/57768"}],"wp:attachment":[{"href":"https:\/\/www.mormaii.com.br\/site\/wp-json\/wp\/v2\/media?parent=2875"}],"wp:term":[{"taxonomy":"category","embeddable":true,"href":"https:\/\/www.mormaii.com.br\/site\/wp-json\/wp\/v2\/categories?post=2875"},{"taxonomy":"post_tag","embeddable":true,"href":"https:\/\/www.mormaii.com.br\/site\/wp-json\/wp\/v2\/tags?post=2875"}],"curies":[{"name":"wp","href":"https:\/\/api.w.org\/{rel}","templated":true}]}}