{"id":2876,"date":"2016-04-04T13:33:38","date_gmt":"2016-04-04T13:33:38","guid":{"rendered":"http:\/\/www.mormaii.com.br\/site\/?p=2876"},"modified":"2022-06-10T10:40:44","modified_gmt":"2022-06-10T13:40:44","slug":"noticiascarlos-burle-revela-caldo-sinistro-em-nazare","status":"publish","type":"post","link":"https:\/\/www.mormaii.com.br\/site\/noticiascarlos-burle-revela-caldo-sinistro-em-nazare\/","title":{"rendered":"Carlos Burle revela caldo sinistro em Nazar\u00e9"},"content":{"rendered":"<p><a href=\"http:\/\/www.mormaii.com.br\/atletas\/carlos-burle\" target=\"_blank\" rel=\"nofollow noopener\">Carlos Burle <\/a>teve mais uma performance insana no Big Wave tour, dessa vez durante o Nazare Challenge, terceira etapa de 2016, realizada na Praia do Norte, em Portugal.<\/p>\n<p>O pernambucano surfou tr\u00eas baterias, incluindo a final, e esbanjou disposi\u00e7\u00e3o aos 49 anos de idade pra conquistar o vice-campeonato.<\/p>\n<p>Por\u00e9m, tudo come\u00e7ou com um caldo sinistro, logo na primeira onda. <\/p>\n<p>Passada a agita\u00e7\u00e3o do evento,&nbsp;Burle gravou um v\u00eddeo, ainda sob o efeito&nbsp;da exaust\u00e3o pelos caldos sofridos, para compartilhar o que passava em sua&nbsp;cabe\u00e7a&nbsp;naquele momento.<\/p>\n<p><\/p>\n<div><iframe loading=\"lazy\" width=\"840\" height=\"473\" src=\"https:\/\/www.youtube.com\/embed\/XDonLrt2yWQ?rel=0&amp;showinfo=0\" frameborder=\"0\" allowfullscreen=\"\"><\/iframe><\/div>\n<p>[Foto: WSL\/Guilleume Arrieta]<\/p>\n","protected":false},"excerpt":{"rendered":"<p>Carlos Burle teve mais uma performance insana no Big Wave tour, dessa vez durante o Nazare Challenge, terceira etapa de 2016, realizada na Praia do Norte, em Portugal. O pernambucano surfou tr\u00eas baterias, incluindo a final, e esbanjou disposi\u00e7\u00e3o aos 49 anos de idade pra conquistar o vice-campeonato. Por\u00e9m, tudo come\u00e7ou com um caldo sinistro, [&hellip;]<\/p>\n","protected":false},"author":3,"featured_media":0,"comment_status":"open","ping_status":"open","sticky":false,"template":"","format":"standard","meta":{"_uag_custom_page_level_css":"","_mi_skip_tracking":false,"footnotes":""},"categories":[914],"tags":[],"class_list":["post-2876","post","type-post","status-publish","format-standard","hentry","category-mormaii"],"acf":[],"uagb_featured_image_src":{"full":false,"thumbnail":false,"medium":false,"medium_large":false,"large":false,"1536x1536":false,"2048x2048":false,"qi_addons_for_elementor_image_size_square":false,"qi_addons_for_elementor_image_size_landscape":false,"qi_addons_for_elementor_image_size_portrait":false,"qi_addons_for_elementor_image_size_huge-square":false},"uagb_author_info":{"display_name":"mormaii_importer","author_link":"https:\/\/www.mormaii.com.br\/site\/author\/mormaii_importer\/"},"uagb_comment_info":0,"uagb_excerpt":"Carlos Burle teve mais uma performance insana no Big Wave tour, dessa vez durante o Nazare Challenge, terceira etapa de 2016, realizada na Praia do Norte, em Portugal. O pernambucano surfou tr\u00eas baterias, incluindo a final, e esbanjou disposi\u00e7\u00e3o aos 49 anos de idade pra conquistar o vice-campeonato. Por\u00e9m, tudo come\u00e7ou com um caldo sinistro,&hellip;","_links":{"self":[{"href":"https:\/\/www.mormaii.com.br\/site\/wp-json\/wp\/v2\/posts\/2876"}],"collection":[{"href":"https:\/\/www.mormaii.com.br\/site\/wp-json\/wp\/v2\/posts"}],"about":[{"href":"https:\/\/www.mormaii.com.br\/site\/wp-json\/wp\/v2\/types\/post"}],"author":[{"embeddable":true,"href":"https:\/\/www.mormaii.com.br\/site\/wp-json\/wp\/v2\/users\/3"}],"replies":[{"embeddable":true,"href":"https:\/\/www.mormaii.com.br\/site\/wp-json\/wp\/v2\/comments?post=2876"}],"version-history":[{"count":1,"href":"https:\/\/www.mormaii.com.br\/site\/wp-json\/wp\/v2\/posts\/2876\/revisions"}],"predecessor-version":[{"id":57752,"href":"https:\/\/www.mormaii.com.br\/site\/wp-json\/wp\/v2\/posts\/2876\/revisions\/57752"}],"wp:attachment":[{"href":"https:\/\/www.mormaii.com.br\/site\/wp-json\/wp\/v2\/media?parent=2876"}],"wp:term":[{"taxonomy":"category","embeddable":true,"href":"https:\/\/www.mormaii.com.br\/site\/wp-json\/wp\/v2\/categories?post=2876"},{"taxonomy":"post_tag","embeddable":true,"href":"https:\/\/www.mormaii.com.br\/site\/wp-json\/wp\/v2\/tags?post=2876"}],"curies":[{"name":"wp","href":"https:\/\/api.w.org\/{rel}","templated":true}]}}