{"id":2903,"date":"2016-04-04T13:33:38","date_gmt":"2016-04-04T13:33:38","guid":{"rendered":"http:\/\/www.mormaii.com.br\/site\/?p=2903"},"modified":"2022-06-10T10:26:03","modified_gmt":"2022-06-10T13:26:03","slug":"noticiasmateus-herdy-e-taina-hinckel-em-destaque-no-site-da-wsl","status":"publish","type":"post","link":"https:\/\/www.mormaii.com.br\/site\/noticiasmateus-herdy-e-taina-hinckel-em-destaque-no-site-da-wsl\/","title":{"rendered":"Mateus Herdy e Tain\u00e1 Hinckel em destaque no site da WSL"},"content":{"rendered":"<p><a href=\"http:\/\/www.mormaii.com.br\/atletas\/mateus-herdy\" target=\"_blank\" rel=\"nofollow noopener\">Mateus Herdy <\/a>e <a href=\"http:\/\/www.mormaii.com.br\/atletas\/taina-hinckel\" target=\"_blank\" rel=\"nofollow noopener\">Tain\u00e1 Hinckel <\/a>est\u00e3o na Austr\u00e1lia, com uma lista completa de etapas pela frente, competindo&nbsp;no Pro Junior e WQS.<\/p>\n<p>Os catarinenses est\u00e3o fazendo bonito na Oceania. Mateus ficou em quinto lugar no <a href=\"http:\/\/www.mormaii.com.br\/noticias\/mateus-herdy-e-taina-hinckel-entre-os-melhores-do-mundo\" target=\"_blank\" rel=\"nofollow noopener\">Mundial Pro Junior<\/a>, realizado em Kiama, e Tain\u00e1 foi a atleta mais jovem no feminino, com apenas 13 anos, em uma divis\u00e3o sub-18.<\/p>\n<p>Confira o que a WSL escreveu em seu site sobre os talentosos brasileiros.<\/p>\n<p><img decoding=\"async\" width=\"840\" class=\"fr-fin\" alt=\"Image title\" src=\"https:\/\/s3-sa-east-1.amazonaws.com\/cdnmormaii\/uploads\/postImages\/new\/mateusmormaii.jpg\"><\/p>\n<p style=\"text-align: center;\"><em>Arsenal de a\u00e9reos | Foto: WSL\/Kelly Cestari<\/em><\/p>\n<p style=\"text-align: left;\">&#8220;Fique de olho no brasileiro Mateus Herdy, sobrinho de Guilherme Herdy (que figurou no WCT por 10 anos consecutivos). Mateus se parece muito com a vers\u00e3o de Bruce Irons aos 15 anos de idade, surf din\u00e2mico, cabelos loiros, muita personalidade e um arsenal completo de a\u00e9reos. Aos 16 anos, ainda tem duas temporadas inteiras pela frente no Pro J\u00fanior&#8221;, afirma a <a href=\"http:\/\/www.worldsurfleague.com\/posts\/236332\/the-world-junior-championship-in-photos\" target=\"_blank\" rel=\"nofollow noopener\">mat\u00e9ria da WSL<\/a>.<\/p>\n<p style=\"text-align: left;\"><\/p>\n<p><img decoding=\"async\" width=\"840\" class=\"fr-fin\" alt=\"Image title\" src=\"https:\/\/s3-sa-east-1.amazonaws.com\/cdnmormaii\/uploads\/postImages\/new\/tainamormaii.jpg\"><\/p>\n<p style=\"text-align: center;\"><em>Multicampe\u00e3 | Foto: WSL\/Daniel Smorigo<br \/><\/em><\/p>\n<p style=\"text-align: left;\">&#8220;Tain\u00e1 Hinckel pode ser o pr\u00f3ximo talento brasileiro entre as mulheres. Ap\u00f3s vencer o Sul-Americano e o Brasileiro Pro J\u00fanior, sua campanha no Mundial da Austr\u00e1lia terminou prematuramente no Roud 2. Contudo, o estilo polido de Tain\u00e1 Hinckel \u00e9 claro indicador de um grande futuro&#8221; escreve a WSL sobre a catarinense, terceira colocada no&nbsp;Bells Beach Junior Championship, realizado esse final de semana.<\/p>\n<p style=\"text-align: left;\">Mateus e Tain\u00e1 possuem um calend\u00e1rio recheado de competi\u00e7\u00f5es na Oceania. Al\u00e9m das etapas j\u00e1 disputadas em Kiama e Bells, ainda tem pela frente o WQS de Maroubra, Burleigh Heads, Cabarita, Boomerang e o Pro Junior de Newcastle.<\/p>\n<p style=\"text-align: left;\">Fique ligado no site da Mormaii para mais conte\u00fados e informa\u00e7\u00f5es.<\/p>\n<p style=\"text-align: left;\">[Foto de capa: WSL\/Kelly Cestari]<\/p>\n","protected":false},"excerpt":{"rendered":"<p>Mateus Herdy e Tain\u00e1 Hinckel est\u00e3o na Austr\u00e1lia, com uma lista completa de etapas pela frente, competindo&nbsp;no Pro Junior e WQS. Os catarinenses est\u00e3o fazendo bonito na Oceania. Mateus ficou em quinto lugar no Mundial Pro Junior, realizado em Kiama, e Tain\u00e1 foi a atleta mais jovem no feminino, com apenas 13 anos, em uma [&hellip;]<\/p>\n","protected":false},"author":3,"featured_media":0,"comment_status":"open","ping_status":"open","sticky":false,"template":"","format":"standard","meta":{"_uag_custom_page_level_css":"","_mi_skip_tracking":false,"footnotes":""},"categories":[914],"tags":[],"class_list":["post-2903","post","type-post","status-publish","format-standard","hentry","category-mormaii"],"acf":[],"uagb_featured_image_src":{"full":false,"thumbnail":false,"medium":false,"medium_large":false,"large":false,"1536x1536":false,"2048x2048":false,"qi_addons_for_elementor_image_size_square":false,"qi_addons_for_elementor_image_size_landscape":false,"qi_addons_for_elementor_image_size_portrait":false,"qi_addons_for_elementor_image_size_huge-square":false},"uagb_author_info":{"display_name":"mormaii_importer","author_link":"https:\/\/www.mormaii.com.br\/site\/author\/mormaii_importer\/"},"uagb_comment_info":0,"uagb_excerpt":"Mateus Herdy e Tain\u00e1 Hinckel est\u00e3o na Austr\u00e1lia, com uma lista completa de etapas pela frente, competindo&nbsp;no Pro Junior e WQS. Os catarinenses est\u00e3o fazendo bonito na Oceania. Mateus ficou em quinto lugar no Mundial Pro Junior, realizado em Kiama, e Tain\u00e1 foi a atleta mais jovem no feminino, com apenas 13 anos, em uma&hellip;","_links":{"self":[{"href":"https:\/\/www.mormaii.com.br\/site\/wp-json\/wp\/v2\/posts\/2903"}],"collection":[{"href":"https:\/\/www.mormaii.com.br\/site\/wp-json\/wp\/v2\/posts"}],"about":[{"href":"https:\/\/www.mormaii.com.br\/site\/wp-json\/wp\/v2\/types\/post"}],"author":[{"embeddable":true,"href":"https:\/\/www.mormaii.com.br\/site\/wp-json\/wp\/v2\/users\/3"}],"replies":[{"embeddable":true,"href":"https:\/\/www.mormaii.com.br\/site\/wp-json\/wp\/v2\/comments?post=2903"}],"version-history":[{"count":1,"href":"https:\/\/www.mormaii.com.br\/site\/wp-json\/wp\/v2\/posts\/2903\/revisions"}],"predecessor-version":[{"id":57254,"href":"https:\/\/www.mormaii.com.br\/site\/wp-json\/wp\/v2\/posts\/2903\/revisions\/57254"}],"wp:attachment":[{"href":"https:\/\/www.mormaii.com.br\/site\/wp-json\/wp\/v2\/media?parent=2903"}],"wp:term":[{"taxonomy":"category","embeddable":true,"href":"https:\/\/www.mormaii.com.br\/site\/wp-json\/wp\/v2\/categories?post=2903"},{"taxonomy":"post_tag","embeddable":true,"href":"https:\/\/www.mormaii.com.br\/site\/wp-json\/wp\/v2\/tags?post=2903"}],"curies":[{"name":"wp","href":"https:\/\/api.w.org\/{rel}","templated":true}]}}