{"id":2931,"date":"2016-04-04T13:33:38","date_gmt":"2016-04-04T13:33:38","guid":{"rendered":"http:\/\/www.mormaii.com.br\/site\/?p=2931"},"modified":"2022-06-10T10:45:09","modified_gmt":"2022-06-10T13:45:09","slug":"noticiasblog-fitness-or-por-que-o-corpo-humano-precisa-praticar-atividade-fisica","status":"publish","type":"post","link":"https:\/\/www.mormaii.com.br\/site\/noticiasblog-fitness-or-por-que-o-corpo-humano-precisa-praticar-atividade-fisica\/","title":{"rendered":"Blog Fitness | Por que o corpo humano precisa praticar atividade f\u00edsica?"},"content":{"rendered":"<p>Somos feitos para o movimento!<\/p>\n<p>Ao navegarmos pela hist\u00f3ria, vemos que os povos n\u00f4mades tinham o exerc\u00edcio bem presente em suas vidas. Para se deslocarem entre povoados, as caminhadas eram longas e requisitavam preparo. Precisamos ter a consci\u00eancia de que a nossa pr\u00f3pria natureza humana foi feita para o movimento e o que o exerc\u00edcio f\u00edsico \u00e9 a manuten\u00e7\u00e3o de todos os nossos aspectos vitais. <\/p>\n<p>Fisiologicamente devemos ser ativos, e eis que encontramos uma das raz\u00f5es para o armazenamento de substratos como a gordura. Geneticamente nosso corpo tende a poupar para que possamos ter energia para a rotina &#8220;n\u00f4made&#8221;. Hoje s\u00e3o outros tempos e precisamos, ent\u00e3o, gastar tudo aquilo que o organismo acumulou e n\u00e3o ser\u00e1 gasto em longas caminhadas trabalhando o corpo com atividades complementares. Um corpo que n\u00e3o se movimenta fica fraco e adoece. <\/p>\n<p><strong>O que \u00e9 sa\u00fade<\/strong><br \/>Para a Organiza\u00e7\u00e3o Mundial da Sa\u00fade (OMS), o conceito de sa\u00fade deve ser definido como &#8220;Situa\u00e7\u00e3o de pleno bem-estar f\u00edsico, ps\u00edquico, social e espiritual\u201d. O exerc\u00edcio est\u00e1 interligado a pelo menos tr\u00eas dos campos. <\/p>\n<p> Somado ao descanso e \u00e0 alimenta\u00e7\u00e3o adequada, os esportes constroem o pilar que trabalha na busca de uma vida saud\u00e1vel. Entre as muitas vantagens indispens\u00e1veis de se exercitar, destacamos o combate \u00e0 doen\u00e7as como a obesidade, a preven\u00e7\u00e3o da dor, a manuten\u00e7\u00e3o geral da estabilidade, a postura e a flexibilidade, o aumento \u00e0 imunidade, a redu\u00e7\u00e3o do estresse e o aumento da produtividade. Como consequ\u00eancia de todos esses benef\u00edcios, quando o esporte \u00e9 feito na medida certa, sem exageros e descuidos, chegamos no aumento da qualidade e da expectativa de vida. Podemos dizer que a fonte da juventude est\u00e1 no cuidado com o corpo. Com a sa\u00fade f\u00edsica e mental em dia, al\u00e9m de vivermos bem, viveremos mais. Incr\u00edvel, n\u00e3o?<\/p>\n<p> Agora que voc\u00ea j\u00e1 sabe da import\u00e2ncia do exerc\u00edcio para sua vida, deve estar se perguntando: mas qual atividade devo escolher? Em um universo de diversas possibilidades \u00e9 preciso encontrar um m\u00e9todo seguro, com boas refer\u00eancias e que seja completo para o seu desenvolvimento.<\/p>\n<p> Toda atividade deve ser acompanhada por profissionais instru\u00eddos e preparados para atender as demandas individuais dos seus alunos. No <a href=\"https:\/\/fitness.mormaii.com.br\/studio\/?id_ad=6105&amp;utm_source=Email%20Marketing&amp;utm_medium=texto-2-studios&amp;utm_campaign=%20news_mii_oficial\" rel=\"nofollow noopener\" target=\"_blank\">M\u00e9todo Integrado Mormaii Fitness<\/a> voc\u00ea encontra a uni\u00e3o perfeita entre t\u00e9cnicas, cuidados e desafios para trabalhar todas as \u00e1reas do corpo. <\/p>\n<p> Em aulas din\u00e2micas e especializadas os praticantes passam pelo Pilates, Five Konzept, Funcional e C\u00e1rdio. Conhe\u00e7a o m\u00e9todo e invista na sa\u00fade do seu corpo com a atividade f\u00edsica completa para voc\u00ea. <u><br \/><\/u><a href=\"http:\/\/bit.ly\/2kOLnla\" target=\"_blank\" rel=\"nofollow noopener\">Agende uma aula experimental <\/a>no studio mais pr\u00f3ximo.<\/p>\n","protected":false},"excerpt":{"rendered":"<p>Somos feitos para o movimento! Ao navegarmos pela hist\u00f3ria, vemos que os povos n\u00f4mades tinham o exerc\u00edcio bem presente em suas vidas. Para se deslocarem entre povoados, as caminhadas eram longas e requisitavam preparo. Precisamos ter a consci\u00eancia de que a nossa pr\u00f3pria natureza humana foi feita para o movimento e o que o exerc\u00edcio [&hellip;]<\/p>\n","protected":false},"author":3,"featured_media":0,"comment_status":"open","ping_status":"open","sticky":false,"template":"","format":"standard","meta":{"_uag_custom_page_level_css":"","_mi_skip_tracking":false,"footnotes":""},"categories":[914],"tags":[],"class_list":["post-2931","post","type-post","status-publish","format-standard","hentry","category-mormaii"],"acf":[],"uagb_featured_image_src":{"full":false,"thumbnail":false,"medium":false,"medium_large":false,"large":false,"1536x1536":false,"2048x2048":false,"qi_addons_for_elementor_image_size_square":false,"qi_addons_for_elementor_image_size_landscape":false,"qi_addons_for_elementor_image_size_portrait":false,"qi_addons_for_elementor_image_size_huge-square":false},"uagb_author_info":{"display_name":"mormaii_importer","author_link":"https:\/\/www.mormaii.com.br\/site\/author\/mormaii_importer\/"},"uagb_comment_info":0,"uagb_excerpt":"Somos feitos para o movimento! Ao navegarmos pela hist\u00f3ria, vemos que os povos n\u00f4mades tinham o exerc\u00edcio bem presente em suas vidas. Para se deslocarem entre povoados, as caminhadas eram longas e requisitavam preparo. Precisamos ter a consci\u00eancia de que a nossa pr\u00f3pria natureza humana foi feita para o movimento e o que o exerc\u00edcio&hellip;","_links":{"self":[{"href":"https:\/\/www.mormaii.com.br\/site\/wp-json\/wp\/v2\/posts\/2931"}],"collection":[{"href":"https:\/\/www.mormaii.com.br\/site\/wp-json\/wp\/v2\/posts"}],"about":[{"href":"https:\/\/www.mormaii.com.br\/site\/wp-json\/wp\/v2\/types\/post"}],"author":[{"embeddable":true,"href":"https:\/\/www.mormaii.com.br\/site\/wp-json\/wp\/v2\/users\/3"}],"replies":[{"embeddable":true,"href":"https:\/\/www.mormaii.com.br\/site\/wp-json\/wp\/v2\/comments?post=2931"}],"version-history":[{"count":1,"href":"https:\/\/www.mormaii.com.br\/site\/wp-json\/wp\/v2\/posts\/2931\/revisions"}],"predecessor-version":[{"id":57972,"href":"https:\/\/www.mormaii.com.br\/site\/wp-json\/wp\/v2\/posts\/2931\/revisions\/57972"}],"wp:attachment":[{"href":"https:\/\/www.mormaii.com.br\/site\/wp-json\/wp\/v2\/media?parent=2931"}],"wp:term":[{"taxonomy":"category","embeddable":true,"href":"https:\/\/www.mormaii.com.br\/site\/wp-json\/wp\/v2\/categories?post=2931"},{"taxonomy":"post_tag","embeddable":true,"href":"https:\/\/www.mormaii.com.br\/site\/wp-json\/wp\/v2\/tags?post=2931"}],"curies":[{"name":"wp","href":"https:\/\/api.w.org\/{rel}","templated":true}]}}