{"id":2933,"date":"2016-04-04T13:33:38","date_gmt":"2016-04-04T13:33:38","guid":{"rendered":"http:\/\/www.mormaii.com.br\/site\/?p=2933"},"modified":"2022-06-10T10:32:07","modified_gmt":"2022-06-10T13:32:07","slug":"noticiasian-gouveia-e-destaque-no-surfline","status":"publish","type":"post","link":"https:\/\/www.mormaii.com.br\/site\/noticiasian-gouveia-e-destaque-no-surfline\/","title":{"rendered":"Ian Gouveia \u00e9 destaque no Surfline"},"content":{"rendered":"<p><a href=\"http:\/\/www.mormaii.com.br\/atletas\/ian-gouveia\" target=\"_blank\" rel=\"nofollow noopener\">Ian Gouveia <\/a>est\u00e1 classificado para o WCT 2017 e a expectativa para sua&nbsp;estreia no Circuito Mundial \u00e9 grande.<\/p>\n<p>O Surfline, maior e mais tradicional site de surf do planeta, produziu uma <a href=\"http:\/\/www.surfline.com\/surf-news\/who-will-rip-who-will-grip-who-will-slip-heres-our-predictions-deconstructing-the-2017-championship-tour-rooki_145239\/\" target=\"_blank\" rel=\"nofollow noopener\">reportagem sobre os novatos da temporada <\/a>e teceu elogios e previs\u00f5es sobre o brasileiro.<\/p>\n<p>&#8220;O jovem de 25 anos possui um surf el\u00e9trico, marcado por a\u00e9reos gigantescos e tubos pesados em Pipeline.<\/p>\n<p>Contudo, at\u00e9 a perna europ\u00e9ia do ano passado, onde ele enfileirou uma s\u00e9rie de finais, Ian ainda n\u00e3o havia conseguido fazer jus ao seu freesurf nas competi\u00e7\u00f5es.<\/p>\n<p>Ainda n\u00e3o sabemos o que ele ser\u00e1 capaz de fazer no WCT.<\/p>\n<p>A compara\u00e7\u00e3o mais pr\u00f3xima \u00e9 com o compatriota \u00cdtalo Ferreira, j\u00e1 que ambos possuem uma velocidade incr\u00edvel e s\u00e3o capazes de explodir qualquer parte da onda a qualquer momento.<\/p>\n<p>Quando funciona, o resultado \u00e9 incr\u00edvel,&nbsp;mas vale lembrar que o WCT tende a punir aqueles que optam por n\u00e3o arriscar nas manobras.<\/p>\n<p>Tamb\u00e9m \u00e9 preciso considerar que Ian possuem um talento natural para os tubos de esquerda e ele ser\u00e1 um desses novatos famintos por surfar Cloudbreak, Teahupoo e Pipe.<\/p>\n<p>Se ele quiser se dar bem no WCT, ter\u00e1 que conseguir bons resultados em algum desses picos e complementar com boas coloca\u00e7\u00f5es no Brasil e na perna europeia.&#8221;<\/p>\n<p>A seguir, voc\u00ea assiste um v\u00eddeo irado com os melhores momentos de<a href=\"http:\/\/www.mormaii.com.br\/atletas\/fabio-gouveia\" target=\"_blank\" rel=\"nofollow noopener\"> Ian Gouveia <\/a>no \u00faltimo ano.<\/p>\n<p><\/p>\n<div><iframe loading=\"lazy\" width=\"840\" height=\"473\" src=\"https:\/\/www.youtube.com\/embed\/d_2G5wkBN8I?rel=0&amp;showinfo=0\" frameborder=\"0\" allowfullscreen=\"\"><\/iframe><\/div>\n<p>[Foto: WSL\/Laurent Masurel]<\/p>\n","protected":false},"excerpt":{"rendered":"<p>Ian Gouveia est\u00e1 classificado para o WCT 2017 e a expectativa para sua&nbsp;estreia no Circuito Mundial \u00e9 grande. O Surfline, maior e mais tradicional site de surf do planeta, produziu uma reportagem sobre os novatos da temporada e teceu elogios e previs\u00f5es sobre o brasileiro. &#8220;O jovem de 25 anos possui um surf el\u00e9trico, marcado [&hellip;]<\/p>\n","protected":false},"author":3,"featured_media":0,"comment_status":"open","ping_status":"open","sticky":false,"template":"","format":"standard","meta":{"_uag_custom_page_level_css":"","_mi_skip_tracking":false,"footnotes":""},"categories":[914],"tags":[],"class_list":["post-2933","post","type-post","status-publish","format-standard","hentry","category-mormaii"],"acf":[],"uagb_featured_image_src":{"full":false,"thumbnail":false,"medium":false,"medium_large":false,"large":false,"1536x1536":false,"2048x2048":false,"qi_addons_for_elementor_image_size_square":false,"qi_addons_for_elementor_image_size_landscape":false,"qi_addons_for_elementor_image_size_portrait":false,"qi_addons_for_elementor_image_size_huge-square":false},"uagb_author_info":{"display_name":"mormaii_importer","author_link":"https:\/\/www.mormaii.com.br\/site\/author\/mormaii_importer\/"},"uagb_comment_info":0,"uagb_excerpt":"Ian Gouveia est\u00e1 classificado para o WCT 2017 e a expectativa para sua&nbsp;estreia no Circuito Mundial \u00e9 grande. O Surfline, maior e mais tradicional site de surf do planeta, produziu uma reportagem sobre os novatos da temporada e teceu elogios e previs\u00f5es sobre o brasileiro. &#8220;O jovem de 25 anos possui um surf el\u00e9trico, marcado&hellip;","_links":{"self":[{"href":"https:\/\/www.mormaii.com.br\/site\/wp-json\/wp\/v2\/posts\/2933"}],"collection":[{"href":"https:\/\/www.mormaii.com.br\/site\/wp-json\/wp\/v2\/posts"}],"about":[{"href":"https:\/\/www.mormaii.com.br\/site\/wp-json\/wp\/v2\/types\/post"}],"author":[{"embeddable":true,"href":"https:\/\/www.mormaii.com.br\/site\/wp-json\/wp\/v2\/users\/3"}],"replies":[{"embeddable":true,"href":"https:\/\/www.mormaii.com.br\/site\/wp-json\/wp\/v2\/comments?post=2933"}],"version-history":[{"count":1,"href":"https:\/\/www.mormaii.com.br\/site\/wp-json\/wp\/v2\/posts\/2933\/revisions"}],"predecessor-version":[{"id":57481,"href":"https:\/\/www.mormaii.com.br\/site\/wp-json\/wp\/v2\/posts\/2933\/revisions\/57481"}],"wp:attachment":[{"href":"https:\/\/www.mormaii.com.br\/site\/wp-json\/wp\/v2\/media?parent=2933"}],"wp:term":[{"taxonomy":"category","embeddable":true,"href":"https:\/\/www.mormaii.com.br\/site\/wp-json\/wp\/v2\/categories?post=2933"},{"taxonomy":"post_tag","embeddable":true,"href":"https:\/\/www.mormaii.com.br\/site\/wp-json\/wp\/v2\/tags?post=2933"}],"curies":[{"name":"wp","href":"https:\/\/api.w.org\/{rel}","templated":true}]}}