{"id":2961,"date":"2016-04-04T13:33:38","date_gmt":"2016-04-04T13:33:38","guid":{"rendered":"http:\/\/www.mormaii.com.br\/site\/?p=2961"},"modified":"2022-06-10T10:34:59","modified_gmt":"2022-06-10T13:34:59","slug":"noticiasfabricio-rocha-e-campeao-do-grom-search-em-maresias","status":"publish","type":"post","link":"https:\/\/www.mormaii.com.br\/site\/noticiasfabricio-rocha-e-campeao-do-grom-search-em-maresias\/","title":{"rendered":"Fabr\u00edcio Rocha \u00e9 campe\u00e3o do Grom Search em Maresias"},"content":{"rendered":"<p>O domingo (12\/03)&nbsp;foi&nbsp;de muitas emo\u00e7\u00f5es e&nbsp;os campe\u00f5es do Grom Search 2017 foram definidos na 3\u00aa e \u00faltima etapa, na Praia de Maresias (SP). <\/p>\n<p>Depois de um s\u00e1bado praticamente sem ondas, a competi\u00e7\u00e3o recome\u00e7ou com o mar subindo e disputas de alto n\u00edvel entre os melhores surfistas da nova gera\u00e7\u00e3o brasileira.<\/p>\n<p>O evento reuniu 120 atletas de oito estados, mas&nbsp;\u00e0s 14 horas do s\u00e1bado foi interrompido por falta de ondas. <\/p>\n<p>A organiza\u00e7\u00e3o ainda aguardou uma poss\u00edvel melhora,&nbsp;por\u00e9m as disputas s\u00f3 reiniciaram&nbsp;na manh\u00e3 seguinte. <\/p>\n<p>Com muitas baterias para entrar na \u00e1gua, a alternativa foi a realiza\u00e7\u00e3o simult\u00e2nea em dois picos diferentes.<\/p>\n<p><\/p>\n<p style=\"text-align: center;\"><img decoding=\"async\" width=\"840\" class=\"fr-fin\" alt=\"Image title\" src=\"https:\/\/s3-sa-east-1.amazonaws.com\/cdnmormaii\/uploads\/postImages\/58c7d6433c12d483359bdc35\/mormaiifabricio.jpg\"><\/p>\n<p style=\"text-align: center;\"><em>Estilo e t\u00e9cnica&nbsp;| Foto: Rog\u00e9rio Vital<\/em><\/p>\n<p style=\"text-align: center;\"><\/p>\n<p>Em uma disputa acirrada, <a href=\"http:\/\/admin.mormaii.com.br\/atletas\/fabricio-rocha\" target=\"_blank\" rel=\"nofollow noopener\">Fabr\u00edcio Rocha<\/a>, jovem potiguar radicado em Maresias, foi vitorioso na Iniciante, com uma grande festa dos amigos locais.<\/p>\n<p>Fabr\u00edcio est\u00e1 morando em Maresias, integrado aos trabalhos do Instituto Gabriel Medina, e a vit\u00f3ria nessa dif\u00edcil categoria mostrou que todo empenho do garoto e sua fam\u00edlia est\u00e3o dando resultados.<\/p>\n<p>Com a vit\u00f3ria, tendo disputado uma \u00fanica etapa, Fabr\u00edcio finalizou o Circuito na 4a coloca\u00e7\u00e3o. Fique ligado no site da Mormaii para mais conte\u00fados e novidades sobre a jovem promessa do surf brasileiro.<\/p>\n<p>[Foto de capa: Eros Sena]<\/p>\n","protected":false},"excerpt":{"rendered":"<p>O domingo (12\/03)&nbsp;foi&nbsp;de muitas emo\u00e7\u00f5es e&nbsp;os campe\u00f5es do Grom Search 2017 foram definidos na 3\u00aa e \u00faltima etapa, na Praia de Maresias (SP). Depois de um s\u00e1bado praticamente sem ondas, a competi\u00e7\u00e3o recome\u00e7ou com o mar subindo e disputas de alto n\u00edvel entre os melhores surfistas da nova gera\u00e7\u00e3o brasileira. O evento reuniu 120 atletas [&hellip;]<\/p>\n","protected":false},"author":3,"featured_media":0,"comment_status":"open","ping_status":"open","sticky":false,"template":"","format":"standard","meta":{"_uag_custom_page_level_css":"","_mi_skip_tracking":false,"footnotes":""},"categories":[914],"tags":[],"class_list":["post-2961","post","type-post","status-publish","format-standard","hentry","category-mormaii"],"acf":[],"uagb_featured_image_src":{"full":false,"thumbnail":false,"medium":false,"medium_large":false,"large":false,"1536x1536":false,"2048x2048":false,"qi_addons_for_elementor_image_size_square":false,"qi_addons_for_elementor_image_size_landscape":false,"qi_addons_for_elementor_image_size_portrait":false,"qi_addons_for_elementor_image_size_huge-square":false},"uagb_author_info":{"display_name":"mormaii_importer","author_link":"https:\/\/www.mormaii.com.br\/site\/author\/mormaii_importer\/"},"uagb_comment_info":0,"uagb_excerpt":"O domingo (12\/03)&nbsp;foi&nbsp;de muitas emo\u00e7\u00f5es e&nbsp;os campe\u00f5es do Grom Search 2017 foram definidos na 3\u00aa e \u00faltima etapa, na Praia de Maresias (SP). Depois de um s\u00e1bado praticamente sem ondas, a competi\u00e7\u00e3o recome\u00e7ou com o mar subindo e disputas de alto n\u00edvel entre os melhores surfistas da nova gera\u00e7\u00e3o brasileira. O evento reuniu 120 atletas&hellip;","_links":{"self":[{"href":"https:\/\/www.mormaii.com.br\/site\/wp-json\/wp\/v2\/posts\/2961"}],"collection":[{"href":"https:\/\/www.mormaii.com.br\/site\/wp-json\/wp\/v2\/posts"}],"about":[{"href":"https:\/\/www.mormaii.com.br\/site\/wp-json\/wp\/v2\/types\/post"}],"author":[{"embeddable":true,"href":"https:\/\/www.mormaii.com.br\/site\/wp-json\/wp\/v2\/users\/3"}],"replies":[{"embeddable":true,"href":"https:\/\/www.mormaii.com.br\/site\/wp-json\/wp\/v2\/comments?post=2961"}],"version-history":[{"count":1,"href":"https:\/\/www.mormaii.com.br\/site\/wp-json\/wp\/v2\/posts\/2961\/revisions"}],"predecessor-version":[{"id":57571,"href":"https:\/\/www.mormaii.com.br\/site\/wp-json\/wp\/v2\/posts\/2961\/revisions\/57571"}],"wp:attachment":[{"href":"https:\/\/www.mormaii.com.br\/site\/wp-json\/wp\/v2\/media?parent=2961"}],"wp:term":[{"taxonomy":"category","embeddable":true,"href":"https:\/\/www.mormaii.com.br\/site\/wp-json\/wp\/v2\/categories?post=2961"},{"taxonomy":"post_tag","embeddable":true,"href":"https:\/\/www.mormaii.com.br\/site\/wp-json\/wp\/v2\/tags?post=2961"}],"curies":[{"name":"wp","href":"https:\/\/api.w.org\/{rel}","templated":true}]}}