{"id":2993,"date":"2016-04-04T13:33:38","date_gmt":"2016-04-04T13:33:38","guid":{"rendered":"http:\/\/www.mormaii.com.br\/site\/?p=2993"},"modified":"2022-06-10T10:32:06","modified_gmt":"2022-06-10T13:32:06","slug":"noticiasian-gouveia-estreia-em-bells-beach","status":"publish","type":"post","link":"https:\/\/www.mormaii.com.br\/site\/noticiasian-gouveia-estreia-em-bells-beach\/","title":{"rendered":"Ian Gouveia estreia em Bell\u2019s Beach"},"content":{"rendered":"<p><a href=\"http:\/\/www.mormaii.com.br\/atletas\/ian-gouveia\" target=\"_blank\" rel=\"nofollow noopener\">Ian Gouveia<\/a> far\u00e1 sua estreia&nbsp;no Bell\u2019s Beach Pro, evento de surf mais tradicional do Circuito Mundial, com mais de 50 anos de competi\u00e7\u00f5es realizadas em Victoria, Austr\u00e1lia.<\/p>\n<p>O pernambucano desenhar\u00e1 suas linhas nas mesmas direitas em que seu pai, <a href=\"http:\/\/www.mormaii.com.br\/atletas\/fabio-gouveia\" target=\"_blank\" rel=\"nofollow noopener\">F\u00e1bio Gouveia<\/a>, costumava desfilar todo seu estilo. <\/p>\n<p><img decoding=\"async\" width=\"840\" class=\"fr-fin\" alt=\"Image title\" src=\"https:\/\/s3-sa-east-1.amazonaws.com\/cdnmormaii\/uploads\/postImages\/new\/iangouveiamormaii12042017.jpg\"><\/p>\n<p>A diferen\u00e7a \u00e9 que Fabinho \u00e9 regular e Ian \u00e9 goofy, ou seja, ter\u00e1 um desafio ainda maior em surfar essa onda de backside.<\/p>\n<p>Ap\u00f3s finalizar duas etapas em 13\u00b0 lugar, Ian ocupa a 19\u00aa coloca\u00e7\u00e3o do ranking WCT 2017, mantendo uma boa const\u00e2ncia e confian\u00e7a, essenciais para quem est\u00e1 estreando no tour.<\/p>\n<p>O per\u00edodo de espera, que tradicionalmente acontece durante o feriado de P\u00e1scoa, ou seja, sempre na fase de lua cheia, iniciou ontem e vai at\u00e9 dia 24 de abril.<\/p>\n<p>Ian enfrenta ningu\u00e9m menos que kelly Slater e Josh Kerr na primeira bateria, dois veteranos com muita experi\u00eancia na etapa, que promete altas ondas e grandes emo\u00e7\u00f5es.<\/p>\n<p>Fique ligado no site da Mormaii para mais novidades e conte\u00fados.<\/p>\n<p>[Fotos: WSL\/Matt Dunbar<\/p>\n","protected":false},"excerpt":{"rendered":"<p>Ian Gouveia far\u00e1 sua estreia&nbsp;no Bell\u2019s Beach Pro, evento de surf mais tradicional do Circuito Mundial, com mais de 50 anos de competi\u00e7\u00f5es realizadas em Victoria, Austr\u00e1lia. O pernambucano desenhar\u00e1 suas linhas nas mesmas direitas em que seu pai, F\u00e1bio Gouveia, costumava desfilar todo seu estilo. A diferen\u00e7a \u00e9 que Fabinho \u00e9 regular e Ian [&hellip;]<\/p>\n","protected":false},"author":3,"featured_media":0,"comment_status":"open","ping_status":"open","sticky":false,"template":"","format":"standard","meta":{"_uag_custom_page_level_css":"","_mi_skip_tracking":false,"footnotes":""},"categories":[914],"tags":[],"class_list":["post-2993","post","type-post","status-publish","format-standard","hentry","category-mormaii"],"acf":[],"uagb_featured_image_src":{"full":false,"thumbnail":false,"medium":false,"medium_large":false,"large":false,"1536x1536":false,"2048x2048":false,"qi_addons_for_elementor_image_size_square":false,"qi_addons_for_elementor_image_size_landscape":false,"qi_addons_for_elementor_image_size_portrait":false,"qi_addons_for_elementor_image_size_huge-square":false},"uagb_author_info":{"display_name":"mormaii_importer","author_link":"https:\/\/www.mormaii.com.br\/site\/author\/mormaii_importer\/"},"uagb_comment_info":0,"uagb_excerpt":"Ian Gouveia far\u00e1 sua estreia&nbsp;no Bell\u2019s Beach Pro, evento de surf mais tradicional do Circuito Mundial, com mais de 50 anos de competi\u00e7\u00f5es realizadas em Victoria, Austr\u00e1lia. O pernambucano desenhar\u00e1 suas linhas nas mesmas direitas em que seu pai, F\u00e1bio Gouveia, costumava desfilar todo seu estilo. A diferen\u00e7a \u00e9 que Fabinho \u00e9 regular e Ian&hellip;","_links":{"self":[{"href":"https:\/\/www.mormaii.com.br\/site\/wp-json\/wp\/v2\/posts\/2993"}],"collection":[{"href":"https:\/\/www.mormaii.com.br\/site\/wp-json\/wp\/v2\/posts"}],"about":[{"href":"https:\/\/www.mormaii.com.br\/site\/wp-json\/wp\/v2\/types\/post"}],"author":[{"embeddable":true,"href":"https:\/\/www.mormaii.com.br\/site\/wp-json\/wp\/v2\/users\/3"}],"replies":[{"embeddable":true,"href":"https:\/\/www.mormaii.com.br\/site\/wp-json\/wp\/v2\/comments?post=2993"}],"version-history":[{"count":1,"href":"https:\/\/www.mormaii.com.br\/site\/wp-json\/wp\/v2\/posts\/2993\/revisions"}],"predecessor-version":[{"id":57472,"href":"https:\/\/www.mormaii.com.br\/site\/wp-json\/wp\/v2\/posts\/2993\/revisions\/57472"}],"wp:attachment":[{"href":"https:\/\/www.mormaii.com.br\/site\/wp-json\/wp\/v2\/media?parent=2993"}],"wp:term":[{"taxonomy":"category","embeddable":true,"href":"https:\/\/www.mormaii.com.br\/site\/wp-json\/wp\/v2\/categories?post=2993"},{"taxonomy":"post_tag","embeddable":true,"href":"https:\/\/www.mormaii.com.br\/site\/wp-json\/wp\/v2\/tags?post=2993"}],"curies":[{"name":"wp","href":"https:\/\/api.w.org\/{rel}","templated":true}]}}