{"id":3002,"date":"2016-04-04T13:33:38","date_gmt":"2016-04-04T13:33:38","guid":{"rendered":"http:\/\/www.mormaii.com.br\/site\/?p=3002"},"modified":"2022-06-10T10:50:17","modified_gmt":"2022-06-10T13:50:17","slug":"noticiasassista-ao-video-da-mountain-do-praia-do-rosa","status":"publish","type":"post","link":"https:\/\/www.mormaii.com.br\/site\/noticiasassista-ao-video-da-mountain-do-praia-do-rosa\/","title":{"rendered":"Assista ao v\u00eddeo da Mountain Do Praia do Rosa"},"content":{"rendered":"<p>A 7\u00b0 edi\u00e7\u00e3o do <a href=\"http:\/\/www.mormaii.com.br\/noticias\/moutain-do-praia-do-rosa-foi-um-sucesso\" target=\"_blank\" rel=\"nofollow noopener\">Mountain Do Praia do Rosa <\/a>foi realizada dia 01 de abril,&nbsp;consolidando-se como um dos principais eventos esportivos do pa\u00eds e da Am\u00e9rica Latina. <\/p>\n<p>Mais uma vez, a competi\u00e7\u00e3o&nbsp;reuniu cerca de mil atletas de 14 estados, divididos em&nbsp;tr\u00eas dist\u00e2ncias: 5,5km, 11km e 22km.<\/p>\n<p>Assista ao v\u00eddeo produzido pelo <a href=\"https:\/\/www.youtube.com\/channel\/UCXBnKQ_Yq92QXQFAFnw_e-w\" target=\"_blank\" rel=\"nofollow noopener\">Programa F\u00f4lego<\/a>, apresentado por Gustavo Mais, e confira as emo\u00e7\u00f5es dessa prova incr\u00edvel.<\/p>\n<p><\/p>\n<p><iframe loading=\"lazy\" width=\"840\" height=\"473\" src=\"https:\/\/www.youtube.com\/embed\/98fnNLeEncE?rel=0&amp;showinfo=0\" frameborder=\"0\" allowfullscreen=\"\"><\/iframe><\/p>\n<p>[Imagens: Programa F\u00f4lego]<\/p>\n","protected":false},"excerpt":{"rendered":"<p>A 7\u00b0 edi\u00e7\u00e3o do Mountain Do Praia do Rosa foi realizada dia 01 de abril,&nbsp;consolidando-se como um dos principais eventos esportivos do pa\u00eds e da Am\u00e9rica Latina. Mais uma vez, a competi\u00e7\u00e3o&nbsp;reuniu cerca de mil atletas de 14 estados, divididos em&nbsp;tr\u00eas dist\u00e2ncias: 5,5km, 11km e 22km. Assista ao v\u00eddeo produzido pelo Programa F\u00f4lego, apresentado por [&hellip;]<\/p>\n","protected":false},"author":3,"featured_media":0,"comment_status":"open","ping_status":"open","sticky":false,"template":"","format":"standard","meta":{"_uag_custom_page_level_css":"","_mi_skip_tracking":false,"footnotes":""},"categories":[914],"tags":[],"class_list":["post-3002","post","type-post","status-publish","format-standard","hentry","category-mormaii"],"acf":[],"uagb_featured_image_src":{"full":false,"thumbnail":false,"medium":false,"medium_large":false,"large":false,"1536x1536":false,"2048x2048":false,"qi_addons_for_elementor_image_size_square":false,"qi_addons_for_elementor_image_size_landscape":false,"qi_addons_for_elementor_image_size_portrait":false,"qi_addons_for_elementor_image_size_huge-square":false},"uagb_author_info":{"display_name":"mormaii_importer","author_link":"https:\/\/www.mormaii.com.br\/site\/author\/mormaii_importer\/"},"uagb_comment_info":0,"uagb_excerpt":"A 7\u00b0 edi\u00e7\u00e3o do Mountain Do Praia do Rosa foi realizada dia 01 de abril,&nbsp;consolidando-se como um dos principais eventos esportivos do pa\u00eds e da Am\u00e9rica Latina. Mais uma vez, a competi\u00e7\u00e3o&nbsp;reuniu cerca de mil atletas de 14 estados, divididos em&nbsp;tr\u00eas dist\u00e2ncias: 5,5km, 11km e 22km. Assista ao v\u00eddeo produzido pelo Programa F\u00f4lego, apresentado por&hellip;","_links":{"self":[{"href":"https:\/\/www.mormaii.com.br\/site\/wp-json\/wp\/v2\/posts\/3002"}],"collection":[{"href":"https:\/\/www.mormaii.com.br\/site\/wp-json\/wp\/v2\/posts"}],"about":[{"href":"https:\/\/www.mormaii.com.br\/site\/wp-json\/wp\/v2\/types\/post"}],"author":[{"embeddable":true,"href":"https:\/\/www.mormaii.com.br\/site\/wp-json\/wp\/v2\/users\/3"}],"replies":[{"embeddable":true,"href":"https:\/\/www.mormaii.com.br\/site\/wp-json\/wp\/v2\/comments?post=3002"}],"version-history":[{"count":1,"href":"https:\/\/www.mormaii.com.br\/site\/wp-json\/wp\/v2\/posts\/3002\/revisions"}],"predecessor-version":[{"id":58248,"href":"https:\/\/www.mormaii.com.br\/site\/wp-json\/wp\/v2\/posts\/3002\/revisions\/58248"}],"wp:attachment":[{"href":"https:\/\/www.mormaii.com.br\/site\/wp-json\/wp\/v2\/media?parent=3002"}],"wp:term":[{"taxonomy":"category","embeddable":true,"href":"https:\/\/www.mormaii.com.br\/site\/wp-json\/wp\/v2\/categories?post=3002"},{"taxonomy":"post_tag","embeddable":true,"href":"https:\/\/www.mormaii.com.br\/site\/wp-json\/wp\/v2\/tags?post=3002"}],"curies":[{"name":"wp","href":"https:\/\/api.w.org\/{rel}","templated":true}]}}