{"id":3013,"date":"2016-04-04T13:33:38","date_gmt":"2016-04-04T13:33:38","guid":{"rendered":"http:\/\/www.mormaii.com.br\/site\/?p=3013"},"modified":"2022-06-10T10:23:55","modified_gmt":"2022-06-10T13:23:55","slug":"noticiasmonitoramento-mirim-costeiro-or-educacao-ambiental","status":"publish","type":"post","link":"https:\/\/www.mormaii.com.br\/site\/noticiasmonitoramento-mirim-costeiro-or-educacao-ambiental\/","title":{"rendered":"Monitoramento Mirim Costeiro | Educa\u00e7\u00e3o ambiental"},"content":{"rendered":"<p>C\u00e9u azul, areia branca, mar verde. Este \u00e9 o cen\u00e1rio perfeito para curtir um dia de praia no Litoral Catarinense. <\/p>\n<p>S\u00f3 que n\u00e3o para os Educadores e alunos do Monitoramento Mirim Costeiro (MMC), um projeto de educa\u00e7\u00e3o para a conscientiza\u00e7\u00e3o da preserva\u00e7\u00e3o da zona costeira e valoriza\u00e7\u00e3o da cultura tradicional. <\/p>\n<p>Para eles a praia \u00e9 o lugar ideal para uma sa\u00edda a campo com o objetivo de investigar o litoral onde vivem. <\/p>\n<p>E foi a partir de uma grande vontade de fazer algo para tentar mudar a triste realidade dos oceanos, ideia que n\u00e3o sa\u00eda da cabe\u00e7a da Ocean\u00f3grafa Caroline Schio, de 32 anos, que surge o Monitoramento Mirim Costeiro. <\/p>\n<p>Surfista apaixonada, seu amor pelo mar come\u00e7ou desde a inf\u00e2ncia em Garopaba e transformou-se em uma decis\u00e3o de oportunizar \u00e0s crian\u00e7as conhecer este ambiente e respeit\u00e1-lo desde cedo para que pudessem ser futuros guardi\u00f5es dos oceanos. <\/p>\n<p><img decoding=\"async\" width=\"840\" class=\"fr-fin\" alt=\"Image title\" src=\"https:\/\/s3-sa-east-1.amazonaws.com\/cdnmormaii\/uploads\/postImages\/new\/Post1Mormaiimirim.jpg\"><\/p>\n<p>Para que este sonho virasse realidade, convidou a Bi\u00f3loga Simone Poletto e o Ge\u00f3logo Kico Riggo que trouxeram sua expertise, agregaram conhecimento e pr\u00e1ticas educativas contempladas no programa curricular da escola. <\/p>\n<p>Assim, formava-se a equipe do projeto, o que fez com que esta combina\u00e7\u00e3o de talentos resultasse em um diferencial na atitude cotidiana das crian\u00e7as.<\/p>\n<p>Por meio de atividades te\u00f3rico-pr\u00e1ticas e l\u00fadicas o projeto fomenta a aprendizagem sobre o ecossistema marinho-costeiro e tamb\u00e9m dos problemas relacionados aos impactos da polui\u00e7\u00e3o marinha, do turismo de massa e do desenvolvimento desordenado. <\/p>\n<p>Desta forma, engajam os estudantes da Rede Municipal de Educa\u00e7\u00e3o que participam de uma aula te\u00f3rica na escola, fazem duas sa\u00eddas a campo para pesquisa na praia que monitoram, uma visita ao Museu de Arqueologia da UNISUL e a ida na Praia da Gamboa para avistar as Baleias Francas em seu ber\u00e7\u00e1rio. <\/p>\n<p><img decoding=\"async\" width=\"840\" class=\"fr-fin\" alt=\"Image title\" src=\"https:\/\/s3-sa-east-1.amazonaws.com\/cdnmormaii\/uploads\/postImages\/new\/Post2Mormaiimirim.jpg\"><\/p>\n<p>Ap\u00f3s esta pr\u00e1tica, os educadores retornam \u00e0 escola para analisar os dados junto com as crian\u00e7as e produzir gr\u00e1ficos, relat\u00f3rios, desenhos e textos. No final do ano letivo todas recebem o certificado de \u2018Monitor Mirim\u2019.<\/p>\n<p>As parcerias com a iniciativa privada, organiza\u00e7\u00f5es socioambientais e a Secretaria Municipal de Educa\u00e7\u00e3o foram fundamentais para alicer\u00e7ar o MMC que neste ano de 2017 completar\u00e1 5 anos de atividades. <\/p>\n<p>Desde ent\u00e3o, o projeto que \u00e9 pioneiro na costa brasileira, j\u00e1 beneficiou 1.200 alunos da 4\u00ba e 5\u00ba s\u00e9rie de 12 Escolas Municipais de Garopaba, al\u00e9m de mais de 30 professores. Realizou 102 sa\u00eddas a campo, 181 aulas te\u00f3rico-participativas e colocou 22 placas educativas nas principais vias de acesso em 09 locais das 07 praias monitoradas. <\/p>\n<p>A meta futura \u00e9 que o projeto amplie suas a\u00e7\u00f5es ao longo do litoral brasileiro.<\/p>\n<p>Conhe\u00e7a mais detalhes pelo site do <a href=\"www.monitoramentomirimcosteiro.com.br\" target=\"_blank\" rel=\"noopener\">Monitoramento Mirim Costeiro <\/a><\/p>\n<p>Facebook: <a href=\"https:\/\/www.facebook.com\/monitoramentomirimcosteiro\" target=\"_blank\" rel=\"nofollow noopener\">MonitoramentoMirimCosteiroMMC<\/a><\/p>\n<p>Instagram: <a href=\"https:\/\/www.instagram.com\/monitoramento_mirim_costeiro\/\" rel=\"nofollow\">@monitoramento_mirim_costeiro<\/a><\/p>\n<div>Cris Guimar\u00e3es &#8211; Jornalista MTB 11.145<\/div>\n","protected":false},"excerpt":{"rendered":"<p>C\u00e9u azul, areia branca, mar verde. Este \u00e9 o cen\u00e1rio perfeito para curtir um dia de praia no Litoral Catarinense. S\u00f3 que n\u00e3o para os Educadores e alunos do Monitoramento Mirim Costeiro (MMC), um projeto de educa\u00e7\u00e3o para a conscientiza\u00e7\u00e3o da preserva\u00e7\u00e3o da zona costeira e valoriza\u00e7\u00e3o da cultura tradicional. Para eles a praia \u00e9 [&hellip;]<\/p>\n","protected":false},"author":3,"featured_media":0,"comment_status":"open","ping_status":"open","sticky":false,"template":"","format":"standard","meta":{"_uag_custom_page_level_css":"","_mi_skip_tracking":false,"footnotes":""},"categories":[914],"tags":[],"class_list":["post-3013","post","type-post","status-publish","format-standard","hentry","category-mormaii"],"acf":[],"uagb_featured_image_src":{"full":false,"thumbnail":false,"medium":false,"medium_large":false,"large":false,"1536x1536":false,"2048x2048":false,"qi_addons_for_elementor_image_size_square":false,"qi_addons_for_elementor_image_size_landscape":false,"qi_addons_for_elementor_image_size_portrait":false,"qi_addons_for_elementor_image_size_huge-square":false},"uagb_author_info":{"display_name":"mormaii_importer","author_link":"https:\/\/www.mormaii.com.br\/site\/author\/mormaii_importer\/"},"uagb_comment_info":0,"uagb_excerpt":"C\u00e9u azul, areia branca, mar verde. Este \u00e9 o cen\u00e1rio perfeito para curtir um dia de praia no Litoral Catarinense. S\u00f3 que n\u00e3o para os Educadores e alunos do Monitoramento Mirim Costeiro (MMC), um projeto de educa\u00e7\u00e3o para a conscientiza\u00e7\u00e3o da preserva\u00e7\u00e3o da zona costeira e valoriza\u00e7\u00e3o da cultura tradicional. Para eles a praia \u00e9&hellip;","_links":{"self":[{"href":"https:\/\/www.mormaii.com.br\/site\/wp-json\/wp\/v2\/posts\/3013"}],"collection":[{"href":"https:\/\/www.mormaii.com.br\/site\/wp-json\/wp\/v2\/posts"}],"about":[{"href":"https:\/\/www.mormaii.com.br\/site\/wp-json\/wp\/v2\/types\/post"}],"author":[{"embeddable":true,"href":"https:\/\/www.mormaii.com.br\/site\/wp-json\/wp\/v2\/users\/3"}],"replies":[{"embeddable":true,"href":"https:\/\/www.mormaii.com.br\/site\/wp-json\/wp\/v2\/comments?post=3013"}],"version-history":[{"count":1,"href":"https:\/\/www.mormaii.com.br\/site\/wp-json\/wp\/v2\/posts\/3013\/revisions"}],"predecessor-version":[{"id":57180,"href":"https:\/\/www.mormaii.com.br\/site\/wp-json\/wp\/v2\/posts\/3013\/revisions\/57180"}],"wp:attachment":[{"href":"https:\/\/www.mormaii.com.br\/site\/wp-json\/wp\/v2\/media?parent=3013"}],"wp:term":[{"taxonomy":"category","embeddable":true,"href":"https:\/\/www.mormaii.com.br\/site\/wp-json\/wp\/v2\/categories?post=3013"},{"taxonomy":"post_tag","embeddable":true,"href":"https:\/\/www.mormaii.com.br\/site\/wp-json\/wp\/v2\/tags?post=3013"}],"curies":[{"name":"wp","href":"https:\/\/api.w.org\/{rel}","templated":true}]}}