{"id":3023,"date":"2016-04-04T13:33:38","date_gmt":"2016-04-04T13:33:38","guid":{"rendered":"http:\/\/www.mormaii.com.br\/site\/?p=3023"},"modified":"2022-06-10T10:35:24","modified_gmt":"2022-06-10T13:35:24","slug":"noticiasfabio-gouveia-bota-pra-baixo-na-laje-da-jagua","status":"publish","type":"post","link":"https:\/\/www.mormaii.com.br\/site\/noticiasfabio-gouveia-bota-pra-baixo-na-laje-da-jagua\/","title":{"rendered":"F\u00e1bio Gouveia bota pra baixo na Laje da Jagua"},"content":{"rendered":"<p>Durante o \u00faltimo swell que atingiu a costa brasileira, mais precisamente dia 28 de abril, <a href=\"http:\/\/www.mormaii.com.br\/atletas\/fabio-gouveia\" target=\"_blank\" rel=\"nofollow noopener\">F\u00e1bio Gouveia <\/a>se dirigiu pra Laje da Jagua, localizada h\u00e1 5,3km do munic\u00edpio de Jaguaruna (SC), para uma investida com com a galera local nas ondas oce\u00e2nicas do pico.<\/p>\n<p>Confira o relato do mestre que botou pra baixo no Hawaii brasileiro:<\/p>\n<p><img decoding=\"async\" width=\"840\" class=\"fr-fin\" alt=\"Image title\" src=\"https:\/\/s3-sa-east-1.amazonaws.com\/cdnmormaii\/uploads\/postImages\/new\/IMGL1108mormaiifabiogouveia.jpg\"><\/p>\n<p style=\"text-align: center;\"><em>Atitude | Fotos: Luis Reis<br \/><\/em><\/p>\n<p>&#8220;Foram v\u00e1rias investidas nos \u00faltimos anos pra que eu visse a Laje da Jaguaruna funcionar de jeito.<br \/>Com o litoral catarinense bastante recortado, tendo assim uma grande quantidade de picos, fiquei me balan\u00e7ando e dividido entre pegar a laje e outras ondas que tamb\u00e9m n\u00e3o costumam quebrar com tanta frequ\u00eancia. <\/p>\n<p>Mas, aos 45 do segundo tempo, decidi pela laje em fun\u00e7\u00e3o da previs\u00e3o de ventos fracos e pela possibilidade de estar perfeito, j\u00e1 que, por se tratar de uma onda a 5.1 km da costa, \u00e9 sempre uma inc\u00f3gnita. <\/p>\n<p>Zarpei com Luciano Burin \u00e0s 9:30h da noite e no meio do caminho fizemos uma paragem na BR-101, nas proximidades da praia do Sonho, para pegarmos o fot\u00f3grafo Luiz Reis. <\/p>\n<p>Meia noite e meia j\u00e1 est\u00e1vamos embaixo do cobertor e escutando o barulho das ondas, o que foi confirmado ao raiar do sol naquela sexta-feira (28\/4). <\/p>\n<p>Os jets j\u00e1 estavam preparados quando recebemos o aviso de que a embarca\u00e7\u00e3o que locamos, proveniente de Laguna, j\u00e1 est\u00e1 aportando no outside. <\/p>\n<p>No trajeto, j\u00e1 dava pra ver o tamanho da ondula\u00e7\u00e3o e a laje n\u00e3o parava de espumar. As s\u00e9ries estavam grandes, cerca de 8 a 10 p\u00e9s com umas de 12 e outras maiores. <\/p>\n<p>O posicionamento era bem dif\u00edcil, mas, pelo fato de ter uma galera no pico, dava pra se encontrar ao prestar bastante aten\u00e7\u00e3o, principalmente com a leve correnteza que nos tirava rumo ao norte.<\/p>\n<p><img decoding=\"async\" width=\"840\" class=\"fr-fin\" alt=\"Image title\" src=\"https:\/\/s3-sa-east-1.amazonaws.com\/cdnmormaii\/uploads\/postImages\/new\/IMGL0994mormaiifabiogouveia.jpg\"><\/p>\n<p style=\"text-align: center;\"><em>Lip base<br \/><\/em><\/p>\n<p>Esperei por um tempo, quando uma da s\u00e9rie veio linda e grande. Apontei minha 10\u20194 pra beira e remei forte. Drop atrasado, brisa de terral na cara e adrenalina a mil. <\/p>\n<p>Completei o drop e ao contornar a parede dei mais outro drop. Que del\u00edcia, a ondula\u00e7\u00e3o de sul fizera a parede mais longa do que das outras vezes que havia ido ali. <\/p>\n<div>A turma posicionada clicando tudo. Os fot\u00f3grafos Lucas Barnis e Luiz Reis, do barco, e Rafa Shot do jet. E a cada momento iam revezando os \u00e2ngulos. Para esse swell, o produtor Carlos Sanfelice mandou um enviado especial pra documentar. <\/div>\n<p><img decoding=\"async\" width=\"840\" class=\"fr-fin\" alt=\"Image title\" src=\"https:\/\/s3-sa-east-1.amazonaws.com\/cdnmormaii\/uploads\/postImages\/new\/IMGL0997mormaiifabiogouveia.jpg\"><\/p>\n<p style=\"text-align: center;\"><em>Cavada no estilo<\/em><\/p>\n<p>O videomaker Tessari gravava atento para o Canal Off e se mostrou \u00e0 vontade, pois normalmente os marinheiros de primeira viagem ali enjoam demasiado quando expostos a longo per\u00edodos na embarca\u00e7\u00e3o. Se ficar ali j\u00e1 \u00e9 dif\u00edcil, imagine com um olho no view finder? D\u00e1 pra mim, n\u00e3o, prefiro mesmo \u00e9 ficar na \u00e1gua. <\/p>\n<p>A maior do dia devia ter uns 15 p\u00e9s e todos tomaram. Ainda dei sorte de estar no rabo da onda e soltei a prancha apenas pra n\u00e3o correr o risco de voltar com o lip. Caramba, pura adrenalina, parec\u00edamos estar no Hawaii. <\/p>\n<p>Hav\u00edamos entrado na \u00e1gua umas 9 da manh\u00e3, e na hora da pausa, pr\u00f3ximo ao meio-dia, estava um espet\u00e1culo da natureza. S\u00e9ries constantes levavam a galera ao del\u00edrio. <\/p>\n<p><img decoding=\"async\" width=\"840\" class=\"fr-fin\" alt=\"Image title\" src=\"https:\/\/s3-sa-east-1.amazonaws.com\/cdnmormaii\/uploads\/postImages\/new\/IMGL2023mormaiifabiogouveia.jpg\"><\/p>\n<p style=\"text-align: center;\"><em>Dia de Hawaii no Brasil<\/em><\/p>\n<p>Como as ondas n\u00e3o paravam, voltei pro mar afim de aproveitar ao m\u00e1ximo. S\u00e3s e salvos, por volta das 15:30 rumamos de volta, at\u00e9 porque tamb\u00e9m alguns jets j\u00e1 estavam com gasolina na reserva. <\/p>\n<p>Pense numa turma alegre e feliz? Como disse, tudo foi muito intenso e num piscar de olhos j\u00e1 estava retornando \u00e0 casa. O sono foi carregado de imagens e creio que todos tiveram a mesma sensa\u00e7\u00e3o. Que dia, que session! <\/p>\n<div>Agradecimentos \u00e0 turma da Atow Inj que, tamb\u00e9m apoiada pelo Projectmorona, n\u00e3o cansa de incentivar o big surf . At\u00e9 o pr\u00f3ximo!<\/div>\n<p>[Fotos: Luis Reis \/\/ <a href=\"http:\/\/waves.terra.com.br\/waves\/colunas\/fabio-gouveia\/swell-de-gala-na-laje\" target=\"_blank\" rel=\"nofollow noopener\">Mat\u00e9ria completa no site Waves<\/a>]<\/p>\n","protected":false},"excerpt":{"rendered":"<p>Durante o \u00faltimo swell que atingiu a costa brasileira, mais precisamente dia 28 de abril, F\u00e1bio Gouveia se dirigiu pra Laje da Jagua, localizada h\u00e1 5,3km do munic\u00edpio de Jaguaruna (SC), para uma investida com com a galera local nas ondas oce\u00e2nicas do pico. Confira o relato do mestre que botou pra baixo no Hawaii [&hellip;]<\/p>\n","protected":false},"author":3,"featured_media":0,"comment_status":"open","ping_status":"open","sticky":false,"template":"","format":"standard","meta":{"_uag_custom_page_level_css":"","_mi_skip_tracking":false,"footnotes":""},"categories":[914],"tags":[],"class_list":["post-3023","post","type-post","status-publish","format-standard","hentry","category-mormaii"],"acf":[],"uagb_featured_image_src":{"full":false,"thumbnail":false,"medium":false,"medium_large":false,"large":false,"1536x1536":false,"2048x2048":false,"qi_addons_for_elementor_image_size_square":false,"qi_addons_for_elementor_image_size_landscape":false,"qi_addons_for_elementor_image_size_portrait":false,"qi_addons_for_elementor_image_size_huge-square":false},"uagb_author_info":{"display_name":"mormaii_importer","author_link":"https:\/\/www.mormaii.com.br\/site\/author\/mormaii_importer\/"},"uagb_comment_info":0,"uagb_excerpt":"Durante o \u00faltimo swell que atingiu a costa brasileira, mais precisamente dia 28 de abril, F\u00e1bio Gouveia se dirigiu pra Laje da Jagua, localizada h\u00e1 5,3km do munic\u00edpio de Jaguaruna (SC), para uma investida com com a galera local nas ondas oce\u00e2nicas do pico. Confira o relato do mestre que botou pra baixo no Hawaii&hellip;","_links":{"self":[{"href":"https:\/\/www.mormaii.com.br\/site\/wp-json\/wp\/v2\/posts\/3023"}],"collection":[{"href":"https:\/\/www.mormaii.com.br\/site\/wp-json\/wp\/v2\/posts"}],"about":[{"href":"https:\/\/www.mormaii.com.br\/site\/wp-json\/wp\/v2\/types\/post"}],"author":[{"embeddable":true,"href":"https:\/\/www.mormaii.com.br\/site\/wp-json\/wp\/v2\/users\/3"}],"replies":[{"embeddable":true,"href":"https:\/\/www.mormaii.com.br\/site\/wp-json\/wp\/v2\/comments?post=3023"}],"version-history":[{"count":1,"href":"https:\/\/www.mormaii.com.br\/site\/wp-json\/wp\/v2\/posts\/3023\/revisions"}],"predecessor-version":[{"id":57588,"href":"https:\/\/www.mormaii.com.br\/site\/wp-json\/wp\/v2\/posts\/3023\/revisions\/57588"}],"wp:attachment":[{"href":"https:\/\/www.mormaii.com.br\/site\/wp-json\/wp\/v2\/media?parent=3023"}],"wp:term":[{"taxonomy":"category","embeddable":true,"href":"https:\/\/www.mormaii.com.br\/site\/wp-json\/wp\/v2\/categories?post=3023"},{"taxonomy":"post_tag","embeddable":true,"href":"https:\/\/www.mormaii.com.br\/site\/wp-json\/wp\/v2\/tags?post=3023"}],"curies":[{"name":"wp","href":"https:\/\/api.w.org\/{rel}","templated":true}]}}