{"id":3029,"date":"2016-04-04T13:33:38","date_gmt":"2016-04-04T13:33:38","guid":{"rendered":"http:\/\/www.mormaii.com.br\/site\/?p=3029"},"modified":"2022-06-10T10:51:51","modified_gmt":"2022-06-10T13:51:51","slug":"noticiasa-participacao-de-ian-goveia-e-taina-hinckel-no-wct-do-rio","status":"publish","type":"post","link":"https:\/\/www.mormaii.com.br\/site\/noticiasa-participacao-de-ian-goveia-e-taina-hinckel-no-wct-do-rio\/","title":{"rendered":"A participa\u00e7\u00e3o de Ian Goveia e Tain\u00e1 Hinckel no WCT do Rio"},"content":{"rendered":"<p>A Praia de Ita\u00fana, em Saquarema,&nbsp;segue lotada para a etapa brasileira do WCT 2017 e os dois representantes da equipe Mormaii fizeram bonito no evento.<\/p>\n<p>Ian Gouveia venceu a bateria de estreia e passou direto para o round 3. No seu caminho, estava o&nbsp;campe\u00e3o mundial de 2015, o paulista&nbsp;Adriano de Souza. <\/p>\n<p><img decoding=\"async\" width=\"840\" class=\"fr-fin\" alt=\"Image title\" src=\"https:\/\/s3-sa-east-1.amazonaws.com\/cdnmormaii\/uploads\/postImages\/new\/_MG_1405ianmormaii.jpg\"><\/p>\n<p style=\"text-align: center;\"><em>Press\u00e3o dentro e fora d&#8217;\u00e1gua | Foto: James Thisted<br \/><\/em><\/p>\n<p>Nessa disputa verde e amarela, apenas um brazuca seguiria adiante e foi Mineiro. \u201c\u00c9 uma sensa\u00e7\u00e3o muito boa estar competindo no Brasil. Tenho muito respeito pelo Ian, que j\u00e1 tem o DNA de um \u00eddolo e pioneiro do surf brasileiro. Estou feliz por ter avan\u00e7ado e espero continuar surfando bem nesse campeonato\u201d, afirma Adriano.<\/p>\n<p><img decoding=\"async\" width=\"840\" class=\"fr-fin\" alt=\"Image title\" src=\"https:\/\/s3-sa-east-1.amazonaws.com\/cdnmormaii\/uploads\/postImages\/new\/_MG_1260tainahinckel.jpg\"><\/p>\n<p>J\u00e1 Tain\u00e1 Hinckel foi a grande surpresa da competi\u00e7\u00e3o. A catarinense de apenas 14 anos de idade foi a grande vencedora das triagens e garantiu sua primeira participa\u00e7\u00e3o em um evento do WCT.<\/p>\n<p>No round 2, teve pela frente Tyler Wright, atual campe\u00e3 mundial e da etapa. Foi uma bateria onde a experi\u00eancia falou mais alto e a australiana levou a melhor.<\/p>\n<p><img decoding=\"async\" width=\"840\" class=\"fr-fin\" alt=\"Image title\" src=\"https:\/\/s3-sa-east-1.amazonaws.com\/cdnmormaii\/uploads\/postImages\/new\/_MG_1184tainamormaii.jpg\"><\/p>\n<p>Sobre sua participa\u00e7\u00e3o, Tain\u00e1 comentou: &#8220;Que experi\u00eancia incr\u00edvel! Muito obrigada a todos que est\u00e3o junto comigo nessa longa caminhada, foi uma oportunidade muito maneira de poder ter competido com as melhores do mundo aqui no Rio&#8221;, agradece a jovem campe\u00e3.<\/p>\n<p>Fique ligado no site da Mormaii para mais novidades e conte\u00fados sobre os atletas.<\/p>\n<p>[Fotos: James Thisted]<\/p>\n","protected":false},"excerpt":{"rendered":"<p>A Praia de Ita\u00fana, em Saquarema,&nbsp;segue lotada para a etapa brasileira do WCT 2017 e os dois representantes da equipe Mormaii fizeram bonito no evento. Ian Gouveia venceu a bateria de estreia e passou direto para o round 3. No seu caminho, estava o&nbsp;campe\u00e3o mundial de 2015, o paulista&nbsp;Adriano de Souza. Press\u00e3o dentro e fora [&hellip;]<\/p>\n","protected":false},"author":3,"featured_media":0,"comment_status":"open","ping_status":"open","sticky":false,"template":"","format":"standard","meta":{"_uag_custom_page_level_css":"","_mi_skip_tracking":false,"footnotes":""},"categories":[914],"tags":[],"class_list":["post-3029","post","type-post","status-publish","format-standard","hentry","category-mormaii"],"acf":[],"uagb_featured_image_src":{"full":false,"thumbnail":false,"medium":false,"medium_large":false,"large":false,"1536x1536":false,"2048x2048":false,"qi_addons_for_elementor_image_size_square":false,"qi_addons_for_elementor_image_size_landscape":false,"qi_addons_for_elementor_image_size_portrait":false,"qi_addons_for_elementor_image_size_huge-square":false},"uagb_author_info":{"display_name":"mormaii_importer","author_link":"https:\/\/www.mormaii.com.br\/site\/author\/mormaii_importer\/"},"uagb_comment_info":0,"uagb_excerpt":"A Praia de Ita\u00fana, em Saquarema,&nbsp;segue lotada para a etapa brasileira do WCT 2017 e os dois representantes da equipe Mormaii fizeram bonito no evento. Ian Gouveia venceu a bateria de estreia e passou direto para o round 3. No seu caminho, estava o&nbsp;campe\u00e3o mundial de 2015, o paulista&nbsp;Adriano de Souza. Press\u00e3o dentro e fora&hellip;","_links":{"self":[{"href":"https:\/\/www.mormaii.com.br\/site\/wp-json\/wp\/v2\/posts\/3029"}],"collection":[{"href":"https:\/\/www.mormaii.com.br\/site\/wp-json\/wp\/v2\/posts"}],"about":[{"href":"https:\/\/www.mormaii.com.br\/site\/wp-json\/wp\/v2\/types\/post"}],"author":[{"embeddable":true,"href":"https:\/\/www.mormaii.com.br\/site\/wp-json\/wp\/v2\/users\/3"}],"replies":[{"embeddable":true,"href":"https:\/\/www.mormaii.com.br\/site\/wp-json\/wp\/v2\/comments?post=3029"}],"version-history":[{"count":1,"href":"https:\/\/www.mormaii.com.br\/site\/wp-json\/wp\/v2\/posts\/3029\/revisions"}],"predecessor-version":[{"id":58322,"href":"https:\/\/www.mormaii.com.br\/site\/wp-json\/wp\/v2\/posts\/3029\/revisions\/58322"}],"wp:attachment":[{"href":"https:\/\/www.mormaii.com.br\/site\/wp-json\/wp\/v2\/media?parent=3029"}],"wp:term":[{"taxonomy":"category","embeddable":true,"href":"https:\/\/www.mormaii.com.br\/site\/wp-json\/wp\/v2\/categories?post=3029"},{"taxonomy":"post_tag","embeddable":true,"href":"https:\/\/www.mormaii.com.br\/site\/wp-json\/wp\/v2\/tags?post=3029"}],"curies":[{"name":"wp","href":"https:\/\/api.w.org\/{rel}","templated":true}]}}