{"id":55724,"date":"2021-04-27T14:39:06","date_gmt":"2021-04-27T17:39:06","guid":{"rendered":"https:\/\/www.mormaii.com.br\/site\/?p=55724"},"modified":"2022-06-10T10:52:32","modified_gmt":"2022-06-10T13:52:32","slug":"5-motivos-para-voce-surfar-no-inverno","status":"publish","type":"post","link":"https:\/\/www.mormaii.com.br\/site\/5-motivos-para-voce-surfar-no-inverno\/","title":{"rendered":"5 Motivos para voc\u00ea surfar no Inverno"},"content":{"rendered":"<p>&nbsp;<\/p>\n<div id=\"attachment_55726\" style=\"width: 720px\" class=\"wp-caption alignnone\"><img loading=\"lazy\" decoding=\"async\" aria-describedby=\"caption-attachment-55726\" class=\"wp-image-55726 size-large\" src=\"https:\/\/www.mormaii.com.br\/site\/wp-content\/uploads\/2021\/04\/marco-giorgi-cara-da-estanque-1024x682.png\" alt=\"6 Motivos para voc\u00ea surfar no Inverno \" width=\"710\" height=\"473\" srcset=\"https:\/\/www.mormaii.com.br\/site\/wp-content\/uploads\/2021\/04\/marco-giorgi-cara-da-estanque-1024x682.png 1024w, https:\/\/www.mormaii.com.br\/site\/wp-content\/uploads\/2021\/04\/marco-giorgi-cara-da-estanque-300x200.png 300w, https:\/\/www.mormaii.com.br\/site\/wp-content\/uploads\/2021\/04\/marco-giorgi-cara-da-estanque-768x511.png 768w, https:\/\/www.mormaii.com.br\/site\/wp-content\/uploads\/2021\/04\/marco-giorgi-cara-da-estanque.png 1110w\" sizes=\"(max-width: 710px) 100vw, 710px\" \/><p id=\"caption-attachment-55726\" class=\"wp-caption-text\">Marco Giorgi na Silveira \/\/ Foto: Cara da Estanque<\/p><\/div>\n<h3>5 Motivos para voc\u00ea surfar no Inverno<\/h3>\n<p>Vem a\u00ed a esta\u00e7\u00e3o mais fria do ano, o inverno.<\/p>\n<p>Apesar da baixa temperatura, essa \u00e9 a \u00e9poca preferida da maioria dos surfistas.<\/p>\n<p>Enquanto a popula\u00e7\u00e3o, de uma forma geral, prefere curtir a praia no calor do ver\u00e3o, n\u00f3s surfistas nos identificamos de uma forma especial com o inverno.<\/p>\n<p>Para entender por que, aqui v\u00e3o 5 motivos para voc\u00ea surfar no Inverno.<\/p>\n<ul>\n<li>Ondas Maiores<\/li>\n<li>Ondas melhores<\/li>\n<li>Menos Crowd<\/li>\n<li>Curtir com os amigos<\/li>\n<li>Usar a tecnologia a seu favor<\/li>\n<\/ul>\n<div id=\"attachment_55727\" style=\"width: 720px\" class=\"wp-caption alignnone\"><img loading=\"lazy\" decoding=\"async\" aria-describedby=\"caption-attachment-55727\" class=\"wp-image-55727 size-large\" src=\"https:\/\/www.mormaii.com.br\/site\/wp-content\/uploads\/2021\/04\/marco-giorgi-cara-da-estanque-campeche-1024x679.png\" alt=\"6 Motivos para voc\u00ea surfar no Inverno \" width=\"710\" height=\"471\" srcset=\"https:\/\/www.mormaii.com.br\/site\/wp-content\/uploads\/2021\/04\/marco-giorgi-cara-da-estanque-campeche-1024x679.png 1024w, https:\/\/www.mormaii.com.br\/site\/wp-content\/uploads\/2021\/04\/marco-giorgi-cara-da-estanque-campeche-300x199.png 300w, https:\/\/www.mormaii.com.br\/site\/wp-content\/uploads\/2021\/04\/marco-giorgi-cara-da-estanque-campeche-768x509.png 768w, https:\/\/www.mormaii.com.br\/site\/wp-content\/uploads\/2021\/04\/marco-giorgi-cara-da-estanque-campeche.png 1108w\" sizes=\"(max-width: 710px) 100vw, 710px\" \/><p id=\"caption-attachment-55727\" class=\"wp-caption-text\">Marco Giorgi no Campeche \/\/ Foto: Cara da Estanque<\/p><\/div>\n<h3>Ondas Maiores<\/h3>\n<p>No inverno, por causa da entrada das frentes frias provenientes da regi\u00e3o sul, as ondas costumam ser maiores que o normal, devido aos centros de baixa press\u00e3o que invadem a costa e proporcionam a passagem das ondula\u00e7\u00f5es ao longo da costa.<\/p>\n<p>Assim como temos a safra da tainha e das baleias, podemos considerar o inverno como a safra das ondas.<\/p>\n<div id=\"attachment_55728\" style=\"width: 720px\" class=\"wp-caption alignnone\"><img loading=\"lazy\" decoding=\"async\" aria-describedby=\"caption-attachment-55728\" class=\"wp-image-55728 size-large\" src=\"https:\/\/www.mormaii.com.br\/site\/wp-content\/uploads\/2021\/04\/taina-hinckel-1024x581.png\" alt=\"6 Motivos para voc\u00ea surfar no Inverno \" width=\"710\" height=\"403\" srcset=\"https:\/\/www.mormaii.com.br\/site\/wp-content\/uploads\/2021\/04\/taina-hinckel-1024x581.png 1024w, https:\/\/www.mormaii.com.br\/site\/wp-content\/uploads\/2021\/04\/taina-hinckel-300x170.png 300w, https:\/\/www.mormaii.com.br\/site\/wp-content\/uploads\/2021\/04\/taina-hinckel-768x435.png 768w, https:\/\/www.mormaii.com.br\/site\/wp-content\/uploads\/2021\/04\/taina-hinckel.png 1298w\" sizes=\"(max-width: 710px) 100vw, 710px\" \/><p id=\"caption-attachment-55728\" class=\"wp-caption-text\">Tain\u00e1 Hinckel em Garopaba \/\/ Foto: Carlos Carpinelli<\/p><\/div>\n<h3>Ondas melhores<\/h3>\n<p>Outra caracter\u00edstica do inverno, al\u00e9m do tamanho das ondas, \u00e9 a sua qualidade.<\/p>\n<p>Afinal, ao navegarem grandes dist\u00e2ncias, vindas do polo sul, temos um per\u00edodo significativamente maior.<\/p>\n<p>Mas como assim per\u00edodo?<\/p>\n<p>Per\u00edodo nada mais \u00e9 que a dist\u00e2ncia, medida em segundos, entre uma onda e outra.<\/p>\n<p>Exemplificando, senta na praia e faz o seguinte exerc\u00edcio: ap\u00f3s uma onda da s\u00e9rie quebrar, conte o tempo no rel\u00f3gio at\u00e9 a pr\u00f3xima onda da s\u00e9rie quebrar.<\/p>\n<p>O tempo, em segundos, entre uma e outra, \u00e9 o per\u00edodo do swell.<\/p>\n<p>Per\u00edodo alto, na pr\u00e1tica, significa ondas mais alinhadas, longas e com mais for\u00e7a.<\/p>\n<p>Ou seja, quanto maior o per\u00edodo, maior e melhor s\u00e3o as ondas.<\/p>\n<div id=\"attachment_55729\" style=\"width: 720px\" class=\"wp-caption alignnone\"><img loading=\"lazy\" decoding=\"async\" aria-describedby=\"caption-attachment-55729\" class=\"wp-image-55729 size-large\" src=\"https:\/\/www.mormaii.com.br\/site\/wp-content\/uploads\/2021\/04\/lucas-chumbo-1024x671.png\" alt=\"6 Motivos para voc\u00ea surfar no Inverno \" width=\"710\" height=\"465\" srcset=\"https:\/\/www.mormaii.com.br\/site\/wp-content\/uploads\/2021\/04\/lucas-chumbo-1024x671.png 1024w, https:\/\/www.mormaii.com.br\/site\/wp-content\/uploads\/2021\/04\/lucas-chumbo-300x197.png 300w, https:\/\/www.mormaii.com.br\/site\/wp-content\/uploads\/2021\/04\/lucas-chumbo-768x503.png 768w, https:\/\/www.mormaii.com.br\/site\/wp-content\/uploads\/2021\/04\/lucas-chumbo.png 1126w\" sizes=\"(max-width: 710px) 100vw, 710px\" \/><p id=\"caption-attachment-55729\" class=\"wp-caption-text\">Espa\u00e7o sobrando para Lucas Chumbo \/\/ Foto: James Thisted<\/p><\/div>\n<h3>Menos Crowd<\/h3>\n<p>Ok, essa parte \u00e9 autoexplicativa.<\/p>\n<p>Passada a badala\u00e7\u00e3o do ver\u00e3o e com o aumento do frio, consequentemente a quantidade de surfistas na \u00e1gua diminui.<\/p>\n<p>Na pr\u00e1tica isso significa mais espa\u00e7o e mais ondas sobrando pra voc\u00ea.<\/p>\n<p>Al\u00e9m disso, tem mais vagas de estacionamento e menos tr\u00e2nsito.<\/p>\n<p>Ou seja, \u00e9 a hora certa de aproveitar e fazer a cabe\u00e7a.<\/p>\n<div id=\"attachment_55721\" style=\"width: 927px\" class=\"wp-caption alignnone\"><img loading=\"lazy\" decoding=\"async\" aria-describedby=\"caption-attachment-55721\" class=\"wp-image-55721 size-full\" src=\"https:\/\/www.mormaii.com.br\/site\/wp-content\/uploads\/2021\/04\/Screenshot_1.png\" alt=\"6 Motivos para voc\u00ea surfar no Inverno \" width=\"917\" height=\"617\" srcset=\"https:\/\/www.mormaii.com.br\/site\/wp-content\/uploads\/2021\/04\/Screenshot_1.png 917w, https:\/\/www.mormaii.com.br\/site\/wp-content\/uploads\/2021\/04\/Screenshot_1-300x202.png 300w, https:\/\/www.mormaii.com.br\/site\/wp-content\/uploads\/2021\/04\/Screenshot_1-768x517.png 768w\" sizes=\"(max-width: 917px) 100vw, 917px\" \/><p id=\"caption-attachment-55721\" class=\"wp-caption-text\">Lucas Fink na Laje de Jacon\u00e9 (RJ) \/\/ Foto: Renan Vignoli<\/p><\/div>\n<h3>Curtir com os amigos<\/h3>\n<p>Menos crowd e ondas maiores s\u00e3o sin\u00f4nimo de amigos na \u00e1gua.<\/p>\n<p>Aqueles momentos que voc\u00ea agradece por n\u00e3o cair sozinho e ter algu\u00e9m com quem dividir o surf.<\/p>\n<p>Onde a tranquilidade e a alegria tomam conta do outside e cada onda surfada por um \u00e9 comemorada por todos.<\/p>\n<div id=\"attachment_55730\" style=\"width: 729px\" class=\"wp-caption alignnone\"><img loading=\"lazy\" decoding=\"async\" aria-describedby=\"caption-attachment-55730\" class=\"wp-image-55730 size-full\" src=\"https:\/\/www.mormaii.com.br\/site\/wp-content\/uploads\/2021\/04\/marco-giorgi.png\" alt=\"6 Motivos para voc\u00ea surfar no Inverno \" width=\"719\" height=\"482\" srcset=\"https:\/\/www.mormaii.com.br\/site\/wp-content\/uploads\/2021\/04\/marco-giorgi.png 719w, https:\/\/www.mormaii.com.br\/site\/wp-content\/uploads\/2021\/04\/marco-giorgi-300x201.png 300w\" sizes=\"(max-width: 719px) 100vw, 719px\" \/><p id=\"caption-attachment-55730\" class=\"wp-caption-text\">Marco Giorgi \/\/ Foto: James Thisted<\/p><\/div>\n<h3>Usar a tecnologia a seu favor<\/h3>\n<p>Vivemos em uma era de tecnologia e agita\u00e7\u00e3o.<\/p>\n<p>Por\u00e9m, em contrapartida, voc\u00ea tem in\u00fameras ferramentas ao seu favor.<\/p>\n<p>Pranchas melhores, previs\u00e3o de internet, c\u00e2meras ao vivo e wetsuits quentes e flex\u00edveis.<\/p>\n<p>Quem viveu entre as gera\u00e7\u00f5es passadas, sabe bem o que isso significa.<\/p>\n<p>Falando do nosso caso, as roupas de neoprene <a href=\"https:\/\/www.mormaiishop.com.br\/neoprene-masculino\/surf?PS=18&amp;O=OrderByPriceDESC\" target=\"_blank\" rel=\"noopener\">Flexxxa Pro da Mormaii<\/a>, por exemplo, s\u00e3o o resultado de toda uma vida dedicada ao surf no inverno por parte do Dr. Morongo.<\/p>\n<p>Afinal, foi por causa do frio que ele desenvolveu as suas primeiras roupas de borracha.<\/p>\n<p>Os neoprenes atuais, super flex\u00edveis e com cortes anat\u00f4micos, s\u00e3o o resultado de 40 anos de evolu\u00e7\u00e3o.<\/p>\n<p>Detalhes que muitas vezes passam impercept\u00edveis aos olhos do p\u00fablico, como o desenvolvimento de uma cola especial que veda sem perder flexibilidade; a utiliza\u00e7\u00e3o de um nylon especial que permite alta elasticidade e resist\u00eancia; ou se valer de duas camadas de veda\u00e7\u00e3o, interna e externa.<\/p>\n<p>Tudo feito para voc\u00ea remar e surfar confortavelmente, sem passar frio, e aproveitar tudo aquilo que inverno tem de melhor.<\/p>\n<div id=\"attachment_55731\" style=\"width: 720px\" class=\"wp-caption alignnone\"><a href=\"https:\/\/www.mormaiishop.com.br\/neoprene-masculino\/surf?PS=18&amp;O=OrderByPriceDESC\"><img loading=\"lazy\" decoding=\"async\" aria-describedby=\"caption-attachment-55731\" class=\"wp-image-55731 size-large\" src=\"https:\/\/www.mormaii.com.br\/site\/wp-content\/uploads\/2021\/04\/mormaii-wetsuits-1024x322.png\" alt=\"\" width=\"710\" height=\"223\" srcset=\"https:\/\/www.mormaii.com.br\/site\/wp-content\/uploads\/2021\/04\/mormaii-wetsuits-1024x322.png 1024w, https:\/\/www.mormaii.com.br\/site\/wp-content\/uploads\/2021\/04\/mormaii-wetsuits-300x94.png 300w, https:\/\/www.mormaii.com.br\/site\/wp-content\/uploads\/2021\/04\/mormaii-wetsuits-768x241.png 768w, https:\/\/www.mormaii.com.br\/site\/wp-content\/uploads\/2021\/04\/mormaii-wetsuits.png 1394w\" sizes=\"(max-width: 710px) 100vw, 710px\" \/><\/a><p id=\"caption-attachment-55731\" class=\"wp-caption-text\">Clique e confira a linha Mormaii Wetsuits<\/p><\/div>\n<p>&nbsp;<\/p>\n<p>&nbsp;<\/p>\n","protected":false},"excerpt":{"rendered":"<p>&nbsp; 5 Motivos para voc\u00ea surfar no Inverno Vem a\u00ed a esta\u00e7\u00e3o mais fria do ano, o inverno. Apesar da baixa temperatura, essa \u00e9 a \u00e9poca preferida da maioria dos surfistas. Enquanto a popula\u00e7\u00e3o, de uma forma geral, prefere curtir a praia no calor do ver\u00e3o, n\u00f3s surfistas nos identificamos de uma forma especial com [&hellip;]<\/p>\n","protected":false},"author":5,"featured_media":55727,"comment_status":"closed","ping_status":"closed","sticky":false,"template":"","format":"standard","meta":{"_uag_custom_page_level_css":"","_mi_skip_tracking":false,"footnotes":""},"categories":[914,7,345],"tags":[],"class_list":["post-55724","post","type-post","status-publish","format-standard","has-post-thumbnail","hentry","category-mormaii","category-novidades","category-surf"],"acf":[],"uagb_featured_image_src":{"full":["https:\/\/www.mormaii.com.br\/site\/wp-content\/uploads\/2021\/04\/marco-giorgi-cara-da-estanque-campeche.png",1108,735,false],"thumbnail":["https:\/\/www.mormaii.com.br\/site\/wp-content\/uploads\/2021\/04\/marco-giorgi-cara-da-estanque-campeche-150x150.png",150,150,true],"medium":["https:\/\/www.mormaii.com.br\/site\/wp-content\/uploads\/2021\/04\/marco-giorgi-cara-da-estanque-campeche-300x199.png",300,199,true],"medium_large":["https:\/\/www.mormaii.com.br\/site\/wp-content\/uploads\/2021\/04\/marco-giorgi-cara-da-estanque-campeche-768x509.png",768,509,true],"large":["https:\/\/www.mormaii.com.br\/site\/wp-content\/uploads\/2021\/04\/marco-giorgi-cara-da-estanque-campeche-1024x679.png",1024,679,true],"1536x1536":["https:\/\/www.mormaii.com.br\/site\/wp-content\/uploads\/2021\/04\/marco-giorgi-cara-da-estanque-campeche.png",1108,735,false],"2048x2048":["https:\/\/www.mormaii.com.br\/site\/wp-content\/uploads\/2021\/04\/marco-giorgi-cara-da-estanque-campeche.png",1108,735,false],"qi_addons_for_elementor_image_size_square":["https:\/\/www.mormaii.com.br\/site\/wp-content\/uploads\/2021\/04\/marco-giorgi-cara-da-estanque-campeche.png",650,431,false],"qi_addons_for_elementor_image_size_landscape":["https:\/\/www.mormaii.com.br\/site\/wp-content\/uploads\/2021\/04\/marco-giorgi-cara-da-estanque-campeche.png",980,650,false],"qi_addons_for_elementor_image_size_portrait":["https:\/\/www.mormaii.com.br\/site\/wp-content\/uploads\/2021\/04\/marco-giorgi-cara-da-estanque-campeche.png",650,431,false],"qi_addons_for_elementor_image_size_huge-square":["https:\/\/www.mormaii.com.br\/site\/wp-content\/uploads\/2021\/04\/marco-giorgi-cara-da-estanque-campeche.png",1108,735,false]},"uagb_author_info":{"display_name":"Tissot","author_link":"https:\/\/www.mormaii.com.br\/site\/author\/fabiano\/"},"uagb_comment_info":0,"uagb_excerpt":"&nbsp; 5 Motivos para voc\u00ea surfar no Inverno Vem a\u00ed a esta\u00e7\u00e3o mais fria do ano, o inverno. Apesar da baixa temperatura, essa \u00e9 a \u00e9poca preferida da maioria dos surfistas. Enquanto a popula\u00e7\u00e3o, de uma forma geral, prefere curtir a praia no calor do ver\u00e3o, n\u00f3s surfistas nos identificamos de uma forma especial com&hellip;","_links":{"self":[{"href":"https:\/\/www.mormaii.com.br\/site\/wp-json\/wp\/v2\/posts\/55724"}],"collection":[{"href":"https:\/\/www.mormaii.com.br\/site\/wp-json\/wp\/v2\/posts"}],"about":[{"href":"https:\/\/www.mormaii.com.br\/site\/wp-json\/wp\/v2\/types\/post"}],"author":[{"embeddable":true,"href":"https:\/\/www.mormaii.com.br\/site\/wp-json\/wp\/v2\/users\/5"}],"replies":[{"embeddable":true,"href":"https:\/\/www.mormaii.com.br\/site\/wp-json\/wp\/v2\/comments?post=55724"}],"version-history":[{"count":5,"href":"https:\/\/www.mormaii.com.br\/site\/wp-json\/wp\/v2\/posts\/55724\/revisions"}],"predecessor-version":[{"id":55736,"href":"https:\/\/www.mormaii.com.br\/site\/wp-json\/wp\/v2\/posts\/55724\/revisions\/55736"}],"wp:featuredmedia":[{"embeddable":true,"href":"https:\/\/www.mormaii.com.br\/site\/wp-json\/wp\/v2\/media\/55727"}],"wp:attachment":[{"href":"https:\/\/www.mormaii.com.br\/site\/wp-json\/wp\/v2\/media?parent=55724"}],"wp:term":[{"taxonomy":"category","embeddable":true,"href":"https:\/\/www.mormaii.com.br\/site\/wp-json\/wp\/v2\/categories?post=55724"},{"taxonomy":"post_tag","embeddable":true,"href":"https:\/\/www.mormaii.com.br\/site\/wp-json\/wp\/v2\/tags?post=55724"}],"curies":[{"name":"wp","href":"https:\/\/api.w.org\/{rel}","templated":true}]}}